{"id":5708,"date":"2014-08-12T17:35:53","date_gmt":"2014-08-12T15:35:53","guid":{"rendered":"http:\/\/reteitalianaism.it\/public_html\/?p=5708"},"modified":"2014-08-12T17:35:53","modified_gmt":"2014-08-12T15:35:53","slug":"altre-storie-da-gaza","status":"publish","type":"post","link":"https:\/\/reteitalianaism.it\/reteism\/index.php\/2014\/08\/12\/altre-storie-da-gaza\/","title":{"rendered":"Altre storie da Gaza"},"content":{"rendered":"<p><a href=\"http:\/\/palsolidarity.org\">http:\/\/palsolidarity.org<\/a><br \/>\n9 ago 2014 | Algherbawi | Gaza, Palestina occupata<\/p>\n<p>Sarah Algherbawi \u00e8 una cittadina palestinese, nata in Arabia Saudita nel 1991 e ora vive nella Striscia di Gaza. Ha terminato la sua Laurea in Business Administration presso l&#8217;Universit\u00e0 islamica di Gaza, e ora lavora come coordinatore del progetto multimediale.<\/p>\n<p>E &#8216;estremamente difficile trovare un punto di partenza quando si cerca di scrivere di martiri. Il bilancio delle vittime fino ad ora \u00e8 di 1.898 persone, tra cui 433 bambini, 243 donne e 85 anziani, mentre il numero dei feriti \u00e8 9837.<\/p>\n<p>Essi hanno lasciato migliaia di storie, e dolore insanabile, dietro\u00a0 di loro. <\/p>\n<p><a href=\"http:\/\/reteitalianaism.it\/public_html\/wp-content\/uploads\/2014\/08\/wpid-copyimage-1112214256268_54_3.bmp\"><img decoding=\"async\" title=\"copyImage-1112214256268_54_3.bmp\" class=\"alignnone size-full\" alt=\"image\" src=\"http:\/\/reteitalianaism.it\/public_html\/wp-content\/uploads\/2014\/08\/wpid-copyimage-1112214256268_54_3.bmp\" \/><\/a><\/p>\n<p>Sono Ismaeel Ibrahim Al-Ghoul. Mi puoi trovare nella foto a sinistra. Ho avuto un fratello gemello. Abbiamo vissuto insieme per nove mesi nel grembo della mamma e solo dieci giorni fuori.<\/p>\n<p>Ho pensato di condividere la nostra vita, giocare insieme, andare alla scuola materna, scuola e universit\u00e0 insieme, e avere gli stessi amici. Ho pensato che saremmo stati amici per sempre.<\/p>\n<p>Il mio gemello \u00e8 stato ucciso prima di poter anche crescere un po e vedere la vita fuori.<!--more--><\/p>\n<p>Ho perso la mia altra met\u00e0, Mohammed.<\/p>\n<p>Mio fratello gemello non \u00e8 stata la mia unica perdita. Ho anche perso mia madre, mio \u200b\u200bpadre e mio fratello maggiore Wael. Mi dispiace non potr\u00f2 mai avere la possibilit\u00e0 di conoscere loro, n\u00e9 le mie due sorelle belle, Hanady e Asma&#8217;a &#8211; sono state uccise anche loro.<\/p>\n<p>I miei fratelli e sorelle sono stati mantenuti all&#8217;interno di un congelatore. Li puoi vedere nella foto a destra. Non c&#8217;era spazio per altre persone morte in ospedale.<\/p>\n<p>Non c&#8217;\u00e8 pi\u00f9 spazio per il dolore.<\/p>\n<p>Domenica 3 agosto, la famiglia Al-Goul perso 10 membri, tra cui la famiglia di Ibrahim e cinque membri della famiglia di suo zio.<\/p>\n<p><a href=\"http:\/\/reteitalianaism.it\/public_html\/wp-content\/uploads\/2014\/08\/wpid-copyimage-11128002642617_592_294.bmp\"><img decoding=\"async\" title=\"copyImage-11128002642617_592_294.bmp\" class=\"alignnone size-full\" alt=\"image\" src=\"http:\/\/reteitalianaism.it\/public_html\/wp-content\/uploads\/2014\/08\/wpid-copyimage-11128002642617_592_294.bmp\" \/><\/a><\/p>\n<p><a href=\"http:\/\/reteitalianaism.it\/public_html\/wp-content\/uploads\/2014\/08\/wpid-copyimage-11139042722623_470_451.bmp\"><img decoding=\"async\" title=\"copyImage-11139042722623_470_451.bmp\" class=\"alignnone size-full\" alt=\"image\" src=\"http:\/\/reteitalianaism.it\/public_html\/wp-content\/uploads\/2014\/08\/wpid-copyimage-11139042722623_470_451.bmp\" \/><\/a><\/p>\n<p>Sono Ramy Rayan. Ho avuto una mamma e un pap\u00e0 che mi hanno amato come nessun altro genitore sulla terra ha fatto. Io ero il loro unico figlio. Mi hanno dato tutto. Ero la loro vita.<\/p>\n<p>Ho anche avuto una bella moglie e quattro figli. Il mio figlio maggiore aveva solo otto anni quando \u00e8 stato ucciso. Sono stato ucciso per aver fatto il mio lavoro. Io non ho una pistola; tutto quello che avevo era la mia macchina fotografica.<\/p>\n<p>Non hanno rubato solo la mia vita; hanno rubato la vita di un&#8217;intera famiglia. Sono morto solo una volta. Mi chiedo quante volte la mia povera famiglia morir\u00e0 ogni giorno, ora che devono vivere senza di me?<\/p>\n<p>Non potranno mai dimenticare. Non sapranno mai perdonare.<\/p>\n<p><a href=\"http:\/\/reteitalianaism.it\/public_html\/wp-content\/uploads\/2014\/08\/wpid-copyimage-11098992642629_929_771.bmp\"><img decoding=\"async\" title=\"copyImage-11098992642629_929_771.bmp\" class=\"alignnone size-full\" alt=\"image\" src=\"http:\/\/reteitalianaism.it\/public_html\/wp-content\/uploads\/2014\/08\/wpid-copyimage-11098992642629_929_771.bmp\" \/><\/a><\/p>\n<p>Sono Momen Qraiqeh, un foto-giornalista palestinese, di et\u00e0 27 anni.<\/p>\n<p>Nel 2008, ho perso entrambe le gambe per attacchi di aerei israeliani mentre stavo facendo il mio lavoro.<\/p>\n<p>Nel 2014, ho perso la mia casa ad opera dello lo stesso nemico.<\/p>\n<p>Nessuno pu\u00f2 prevedere cosa altro si pu\u00f2 perdere.<\/p>\n<p><a href=\"http:\/\/reteitalianaism.it\/public_html\/wp-content\/uploads\/2014\/08\/wpid-copyimage-11124332562635_472_37.bmp\"><img decoding=\"async\" title=\"copyImage-11124332562635_472_37.bmp\" class=\"alignnone size-full\" alt=\"image\" src=\"http:\/\/reteitalianaism.it\/public_html\/wp-content\/uploads\/2014\/08\/wpid-copyimage-11124332562635_472_37.bmp\" \/><\/a><\/p>\n<p>Noi tutti condividiamo lo stesso dolore. Noi tutti sappiamo e sentiamo che cosa significa perdita.<\/p>\n<p>Nessuno di noi pu\u00f2 immaginare come il resto della nostra vita, se \u00e8 anche giusto chiamare questa vita, sar\u00e0 dopo questo momento.<\/p>\n<p>Abbiamo perso la luce\u00a0 dei nostri occhi. I nostri bambini innocenti, poveri, e pure sono stati uccisi senza alcuna colpa.<\/p>\n<p>Amavano la vita, ma non hanno avuto la possibilit\u00e0 di vivere. Era il loro diritto pi\u00f9 semplice, vivere!<\/p>\n<p><a href=\"http:\/\/reteitalianaism.it\/public_html\/wp-content\/uploads\/2014\/08\/wpid-copyimage-11118905362646_768_44.bmp\"><img decoding=\"async\" title=\"copyImage-11118905362646_768_44.bmp\" class=\"alignnone size-full\" alt=\"image\" src=\"http:\/\/reteitalianaism.it\/public_html\/wp-content\/uploads\/2014\/08\/wpid-copyimage-11118905362646_768_44.bmp\" \/><\/a><\/p>\n<p><a href=\"http:\/\/reteitalianaism.it\/public_html\/wp-content\/uploads\/2014\/08\/wpid-copyimage-11123920242651_18_9.bmp\"><img decoding=\"async\" title=\"copyImage-11123920242651_18_9.bmp\" class=\"alignnone size-full\" alt=\"image\" src=\"http:\/\/reteitalianaism.it\/public_html\/wp-content\/uploads\/2014\/08\/wpid-copyimage-11123920242651_18_9.bmp\" \/><\/a><\/p>\n<p><a href=\"http:\/\/reteitalianaism.it\/public_html\/wp-content\/uploads\/2014\/08\/wpid-copyimage-11128943522655_179_114.bmp\"><img decoding=\"async\" title=\"copyImage-11128943522655_179_114.bmp\" class=\"alignnone size-full\" alt=\"image\" src=\"http:\/\/reteitalianaism.it\/public_html\/wp-content\/uploads\/2014\/08\/wpid-copyimage-11128943522655_179_114.bmp\" \/><\/a><\/p>\n<p>Avevamo una casa qui.<\/p>\n<p>Abbiamo avuto una vita, ricordi, gioie e dolori &#8230; tutti sono stati completamente sepolti sotto le macerie. Tutto \u00e8 andato in un batter d&#8217;occhio.<\/p>\n<p>Ci vuole tempo, salute, e ricchezza per costruire una casa. Ci vuole cos\u00ec tanto tempo per creare i piccoli dettagli e costruirlo, per rendere ogni pezzo solido che resista\u00a0 alle avversit\u00e0! <\/p>\n<p>Molte storie sono ormai prive di significato al di l\u00e0 dei limiti di questo luogo. Molti sentimenti non si faranno sentire di nuovo, e molti odori ci mancher\u00e0 &#8230;<\/p>\n<p>Nulla \u00e8 lasciato qui, ma la distruzione, dolore, e l&#8217;odore senza fine della morte.<\/p>\n<p><a href=\"http:\/\/reteitalianaism.it\/public_html\/wp-content\/uploads\/2014\/08\/wpid-copyimage-1109143920270_810_694.bmp\"><img decoding=\"async\" title=\"copyImage-1109143920270_810_694.bmp\" class=\"alignnone size-full\" alt=\"image\" src=\"http:\/\/reteitalianaism.it\/public_html\/wp-content\/uploads\/2014\/08\/wpid-copyimage-1109143920270_810_694.bmp\" \/><\/a><\/p>\n<p>Questa \u00e8 la mia universit\u00e0.<\/p>\n<p>Ho costruito il mio futuro qui, e le mie amicizie. Ho avuto i tempi migliori. Era la mia porta d&#8217;ingresso al mondo.<\/p>\n<p>In questo edificio ho scattato molte foto con i miei amici alla nostra cerimonia di laurea. Mi \u00e8 piaciuto tanto quanto io amo i miei amici.<\/p>\n<p>E &#8216;stato bello, non \u00e8 vero?<\/p>\n<p>Non ti sembra un posto in cui il terrorismo si pu\u00f2 praticare? Suppongo di s\u00ec, il tipo pi\u00f9 pericoloso di terrorismo \u00e8 praticare la costruzione di conoscenza qui-! Qui abbiamo imparato come affrontare l&#8217;occupazione con l&#8217;educazione e la conoscenza, e per rendere il mondo consapevole di ci\u00f2 che siamo.<\/p>\n<p>Le mie parole sono le mie armi!<\/p>\n","protected":false},"excerpt":{"rendered":"<p>http:\/\/palsolidarity.org 9 ago 2014 | Algherbawi | Gaza, Palestina occupata Sarah Algherbawi \u00e8 una cittadina palestinese, nata in Arabia Saudita nel 1991 e ora vive nella Striscia di Gaza. Ha terminato la sua Laurea in Business Administration presso l&#8217;Universit\u00e0 islamica &hellip; <a href=\"https:\/\/reteitalianaism.it\/reteism\/index.php\/2014\/08\/12\/altre-storie-da-gaza\/\">Continue reading <span class=\"meta-nav\">&rarr;<\/span><\/a><\/p>\n","protected":false},"author":2,"featured_media":0,"comment_status":"open","ping_status":"open","sticky":false,"template":"","format":"standard","meta":{"footnotes":""},"categories":[1],"tags":[],"class_list":["post-5708","post","type-post","status-publish","format-standard","hentry","category-senza-categoria"],"_links":{"self":[{"href":"https:\/\/reteitalianaism.it\/reteism\/index.php\/wp-json\/wp\/v2\/posts\/5708","targetHints":{"allow":["GET"]}}],"collection":[{"href":"https:\/\/reteitalianaism.it\/reteism\/index.php\/wp-json\/wp\/v2\/posts"}],"about":[{"href":"https:\/\/reteitalianaism.it\/reteism\/index.php\/wp-json\/wp\/v2\/types\/post"}],"author":[{"embeddable":true,"href":"https:\/\/reteitalianaism.it\/reteism\/index.php\/wp-json\/wp\/v2\/users\/2"}],"replies":[{"embeddable":true,"href":"https:\/\/reteitalianaism.it\/reteism\/index.php\/wp-json\/wp\/v2\/comments?post=5708"}],"version-history":[{"count":1,"href":"https:\/\/reteitalianaism.it\/reteism\/index.php\/wp-json\/wp\/v2\/posts\/5708\/revisions"}],"predecessor-version":[{"id":5709,"href":"https:\/\/reteitalianaism.it\/reteism\/index.php\/wp-json\/wp\/v2\/posts\/5708\/revisions\/5709"}],"wp:attachment":[{"href":"https:\/\/reteitalianaism.it\/reteism\/index.php\/wp-json\/wp\/v2\/media?parent=5708"}],"wp:term":[{"taxonomy":"category","embeddable":true,"href":"https:\/\/reteitalianaism.it\/reteism\/index.php\/wp-json\/wp\/v2\/categories?post=5708"},{"taxonomy":"post_tag","embeddable":true,"href":"https:\/\/reteitalianaism.it\/reteism\/index.php\/wp-json\/wp\/v2\/tags?post=5708"}],"curies":[{"name":"wp","href":"https:\/\/api.w.org\/{rel}","templated":true}]}}