{"id":5716,"date":"2014-08-13T14:17:02","date_gmt":"2014-08-13T12:17:02","guid":{"rendered":"http:\/\/reteitalianaism.it\/public_html\/?p=5716"},"modified":"2014-08-17T18:24:34","modified_gmt":"2014-08-17T16:24:34","slug":"video-soldati-israeliani-si-rallegrano-di-avere-sparato-a-un-18enne","status":"publish","type":"post","link":"https:\/\/reteitalianaism.it\/reteism\/index.php\/2014\/08\/13\/video-soldati-israeliani-si-rallegrano-di-avere-sparato-a-un-18enne\/","title":{"rendered":"Video: soldati israeliani si rallegrano di avere sparato a un 18enne"},"content":{"rendered":"<p><a href=\"http:\/\/palsolidarity.org\">http:\/\/palsolidarity.org<\/a><br \/>\n12 ago 2014 | International Solidarity Movement | Hebron, Palestina occupata<\/p>\n<p>Il 9 agosto a Hebron, i soldati israeliani si congratulavano per avere sparato a un palestinese in una gamba con proiettili veri.<\/p>\n<p>Il volontario canadese, Vern, che guardava i soldati sparare, ha dichiarato: &#8220;Dopo che i soldati hanno lasciato il tetto, sono andato a confrontarmi con loro sul perch\u00e9 avessero sparato. Uno di loro mi ha detto che era lui quello che ha sparato e che era orgoglioso delle sue azioni. Poi mi ha chiesto di fargli una foto. &#8221;<\/p>\n<p><a href=\"http:\/\/reteitalianaism.it\/public_html\/wp-content\/uploads\/2014\/08\/wpid-copyimage-11109766161842_204_167.bmp\"><img decoding=\"async\" title=\"copyImage-11109766161842_204_167.bmp\" class=\"alignnone size-full\" alt=\"image\" src=\"http:\/\/reteitalianaism.it\/public_html\/wp-content\/uploads\/2014\/08\/wpid-copyimage-11109766161842_204_167.bmp\" \/><\/a><\/p>\n<p>L&#8217;ospedale ha pubblicato un documento per l&#8217;International Solidarity Movement (ISM), affermando che la ferita del giovane \u00e8 stato un colpo di fucile al polpaccio destro, e che la ferita richiedeva un intervento chirurgico in anestesia generale.<!--more--><\/p>\n<p><a href=\"http:\/\/reteitalianaism.it\/public_html\/wp-content\/uploads\/2014\/08\/wpid-copyimage-11172930641846_644_39.bmp\"><img decoding=\"async\" title=\"copyImage-11172930641846_644_39.bmp\" class=\"alignnone size-full\" alt=\"image\" src=\"http:\/\/reteitalianaism.it\/public_html\/wp-content\/uploads\/2014\/08\/wpid-copyimage-11172930641846_644_39.bmp\" \/><\/a><\/p>\n<p><a href=\"http:\/\/reteitalianaism.it\/public_html\/wp-content\/uploads\/2014\/08\/wpid-copyimage-11094157121850_761_426.bmp\"><img decoding=\"async\" title=\"copyImage-11094157121850_761_426.bmp\" class=\"alignnone size-full\" alt=\"image\" src=\"http:\/\/reteitalianaism.it\/public_html\/wp-content\/uploads\/2014\/08\/wpid-copyimage-11094157121850_761_426.bmp\" \/><\/a><\/p>\n<p><iframe width='425' height='344' src='\/\/www.youtube.com\/embed\/r5T-hKpDSrg?autoplay=&loop=0&rel=0' frameborder='0' allowfullscreen><\/iframe><br \/>\n&#8220;Questa non \u00e8 la prima volta che i manifestanti sono stati gravemente feriti o uccisi, pur non essendo una minaccia per l&#8217;esercito israeliano. Il Venerd\u00ec (8 Agosto) a Hebron, Nader Mohammad Edrees di 40 anni, \u00e8 stato colpito al cuore da un cecchino israeliano. E &#8216;morto alcune ore pi\u00f9 tardi. Questo omicidio \u00e8 stato ripreso in un video, ed \u00e8 chiaro che Nader non rappresentava alcuna minaccia di sorta quando \u00e8 stato ucciso, in chiara contraddizione con la politica militare di Israele e il diritto internazionale. &#8220;, Ha dichiarato Issa Amro, difensore dei diritti umani con i giovani contro gli insediamenti (YAS), basata a Hebron.<\/p>\n<p><a href=\"http:\/\/reteitalianaism.it\/public_html\/wp-content\/uploads\/2014\/08\/wpid-copyimage-11052861201856_549_134.bmp\"><img decoding=\"async\" title=\"copyImage-11052861201856_549_134.bmp\" class=\"alignnone size-full\" alt=\"image\" src=\"http:\/\/reteitalianaism.it\/public_html\/wp-content\/uploads\/2014\/08\/wpid-copyimage-11052861201856_549_134.bmp\" \/><\/a><\/p>\n<p>Ai sensi dell&#8217;articolo 147 della Quarta Convenzione di Ginevra, si tratta di gravi violazioni contro le persone protette, come i palestinesi, non giustificata da necessit\u00e0 militare ed effettuate illegalmente e arbitrariamente, incluso\u00a0 causare intenzionalmente grandi sofferenze o gravi danni all&#8217;integrit\u00e0 fisica o alla salute.<\/p>\n<p>Il gruppo israeliano per i diritti umani B&#8217;Tselem afferma che, &#8220;i regolamenti dell&#8217;esercito in materia di munizioni da usrae, stabiliscono chiaramente che le munizioni vere non devono essere usate contro chi lancia pietre, salvo i casi di immediato pericolo mortale.&#8221;<\/p>\n","protected":false},"excerpt":{"rendered":"<p>http:\/\/palsolidarity.org 12 ago 2014 | International Solidarity Movement | Hebron, Palestina occupata Il 9 agosto a Hebron, i soldati israeliani si congratulavano per avere sparato a un palestinese in una gamba con proiettili veri. Il volontario canadese, Vern, che guardava &hellip; <a href=\"https:\/\/reteitalianaism.it\/reteism\/index.php\/2014\/08\/13\/video-soldati-israeliani-si-rallegrano-di-avere-sparato-a-un-18enne\/\">Continue reading <span class=\"meta-nav\">&rarr;<\/span><\/a><\/p>\n","protected":false},"author":2,"featured_media":0,"comment_status":"open","ping_status":"open","sticky":false,"template":"","format":"standard","meta":{"footnotes":""},"categories":[3],"tags":[8,28],"class_list":["post-5716","post","type-post","status-publish","format-standard","hentry","category-info","tag-al-khalil","tag-hebron"],"_links":{"self":[{"href":"https:\/\/reteitalianaism.it\/reteism\/index.php\/wp-json\/wp\/v2\/posts\/5716","targetHints":{"allow":["GET"]}}],"collection":[{"href":"https:\/\/reteitalianaism.it\/reteism\/index.php\/wp-json\/wp\/v2\/posts"}],"about":[{"href":"https:\/\/reteitalianaism.it\/reteism\/index.php\/wp-json\/wp\/v2\/types\/post"}],"author":[{"embeddable":true,"href":"https:\/\/reteitalianaism.it\/reteism\/index.php\/wp-json\/wp\/v2\/users\/2"}],"replies":[{"embeddable":true,"href":"https:\/\/reteitalianaism.it\/reteism\/index.php\/wp-json\/wp\/v2\/comments?post=5716"}],"version-history":[{"count":1,"href":"https:\/\/reteitalianaism.it\/reteism\/index.php\/wp-json\/wp\/v2\/posts\/5716\/revisions"}],"predecessor-version":[{"id":5717,"href":"https:\/\/reteitalianaism.it\/reteism\/index.php\/wp-json\/wp\/v2\/posts\/5716\/revisions\/5717"}],"wp:attachment":[{"href":"https:\/\/reteitalianaism.it\/reteism\/index.php\/wp-json\/wp\/v2\/media?parent=5716"}],"wp:term":[{"taxonomy":"category","embeddable":true,"href":"https:\/\/reteitalianaism.it\/reteism\/index.php\/wp-json\/wp\/v2\/categories?post=5716"},{"taxonomy":"post_tag","embeddable":true,"href":"https:\/\/reteitalianaism.it\/reteism\/index.php\/wp-json\/wp\/v2\/tags?post=5716"}],"curies":[{"name":"wp","href":"https:\/\/api.w.org\/{rel}","templated":true}]}}