{"id":5718,"date":"2014-08-16T23:06:22","date_gmt":"2014-08-16T21:06:22","guid":{"rendered":"http:\/\/reteitalianaism.it\/public_html\/?p=5718"},"modified":"2014-08-16T23:07:06","modified_gmt":"2014-08-16T21:07:06","slug":"manifestazione-a-hebron","status":"publish","type":"post","link":"https:\/\/reteitalianaism.it\/reteism\/index.php\/2014\/08\/16\/manifestazione-a-hebron\/","title":{"rendered":"manifestazione a Hebron"},"content":{"rendered":"<p>da un volontario a Hebron<br \/>\nIeri ad Hebron si \u00e8 svolta la manifestazione del Venerd\u00ec contro l\u00b4occupazione militare israeliana. La manifestazione \u00e8 iniziata intorno alle 14.Partita dallo stadio cittadino, \u00e8 stata molto partecipata anche da donne e bambini.<img loading=\"lazy\" decoding=\"async\" src=\"https:\/\/scontent-a-ams.xx.fbcdn.net\/hphotos-xpf1\/t1.0-9\/p296x100\/10522748_735877119793568_8035860439610738909_n.jpg\" width=\"296\" height=\"222\" class=\"alignnone\" \/><br \/>\nDopo un&#8217;ora di corteo molto colorato e con cori contro l&#8217;occupazione israeliana e in solidarieta a Gaza si arriva a Bab Al Zawiye, quartiere dove lo scorso venerd\u00ec un ragazzo \u00e8 stato ucciso durante gli scontri con l&#8217;esercito israeliano; molti ragazzi indossavano maglie con il volto del ragazzo per ricordarlo. <!--more--><\/p>\n<p>Appena arrivati i militari lanciano qualche lacrimogeno al CS contro i manifestanti, che a quel punto inziano a lanciare pietre contro i militari che rispondono con pallottole di gomma e subito dopo proiettili veri. Durante gli scontri si notano molti cecchini appostati sui tetti dei palazzi che sparano contro I manifestanti.<img loading=\"lazy\" decoding=\"async\" src=\"https:\/\/scontent-b-ams.xx.fbcdn.net\/hphotos-xpf1\/v\/t1.0-9\/p173x172\/10570542_735877253126888_6279645405529432688_n.jpg?oh=2a80e1c2dd7221be7248f05dde912676&#038;oe=547A1D65\" width=\"173\" height=\"230\" class=\"alignnone\" \/><br \/>\nDopo due ore si contanto una decina di feriti da proiettili, mentre molti di pi\u00f9 sono quelli colpiti da pallottole di gomma. Gli scontri continuano per ore, con i palestinesi che cercano in tutti i modi di ripararsi dagli spari, infatti viene prima trascinato e poi alzato un cassonetto di ferro e messo in mezzo alla strada.Intorno alle 18 i soldati decidono di avanzare un p\u00f2 e stavolta iniziano pure a sparare dal mercato e quindi il fuoco dei miltari diventa molto pi\u00f9 pericoloso perch\u00e8 sparato da due punti uno davanti e l\u00b4altro laterare. Alle 19 appena vado via si contano una 20 feriti da proiettili ma purtroppo non si riesce a capire la gravita dei feriti. Gli scontri continuano per qualche ora e anzi iniziano a sentirsi ancora pi\u00f9 sirene di ambulanze, spari di bombe assoradanti e proiettili;da casa si notano i cecchini che ancora continuano a sparare dai tetti. Intorno alle 20 non si sentono pi\u00f9 esplosioni o suono di ambulanze.<\/p>\n","protected":false},"excerpt":{"rendered":"<p>da un volontario a Hebron Ieri ad Hebron si \u00e8 svolta la manifestazione del Venerd\u00ec contro l\u00b4occupazione militare israeliana. La manifestazione \u00e8 iniziata intorno alle 14.Partita dallo stadio cittadino, \u00e8 stata molto partecipata anche da donne e bambini. Dopo un&#8217;ora &hellip; <a href=\"https:\/\/reteitalianaism.it\/reteism\/index.php\/2014\/08\/16\/manifestazione-a-hebron\/\">Continue reading <span class=\"meta-nav\">&rarr;<\/span><\/a><\/p>\n","protected":false},"author":2,"featured_media":0,"comment_status":"open","ping_status":"open","sticky":false,"template":"","format":"standard","meta":{"footnotes":""},"categories":[3],"tags":[8,28],"class_list":["post-5718","post","type-post","status-publish","format-standard","hentry","category-info","tag-al-khalil","tag-hebron"],"_links":{"self":[{"href":"https:\/\/reteitalianaism.it\/reteism\/index.php\/wp-json\/wp\/v2\/posts\/5718","targetHints":{"allow":["GET"]}}],"collection":[{"href":"https:\/\/reteitalianaism.it\/reteism\/index.php\/wp-json\/wp\/v2\/posts"}],"about":[{"href":"https:\/\/reteitalianaism.it\/reteism\/index.php\/wp-json\/wp\/v2\/types\/post"}],"author":[{"embeddable":true,"href":"https:\/\/reteitalianaism.it\/reteism\/index.php\/wp-json\/wp\/v2\/users\/2"}],"replies":[{"embeddable":true,"href":"https:\/\/reteitalianaism.it\/reteism\/index.php\/wp-json\/wp\/v2\/comments?post=5718"}],"version-history":[{"count":2,"href":"https:\/\/reteitalianaism.it\/reteism\/index.php\/wp-json\/wp\/v2\/posts\/5718\/revisions"}],"predecessor-version":[{"id":5720,"href":"https:\/\/reteitalianaism.it\/reteism\/index.php\/wp-json\/wp\/v2\/posts\/5718\/revisions\/5720"}],"wp:attachment":[{"href":"https:\/\/reteitalianaism.it\/reteism\/index.php\/wp-json\/wp\/v2\/media?parent=5718"}],"wp:term":[{"taxonomy":"category","embeddable":true,"href":"https:\/\/reteitalianaism.it\/reteism\/index.php\/wp-json\/wp\/v2\/categories?post=5718"},{"taxonomy":"post_tag","embeddable":true,"href":"https:\/\/reteitalianaism.it\/reteism\/index.php\/wp-json\/wp\/v2\/tags?post=5718"}],"curies":[{"name":"wp","href":"https:\/\/api.w.org\/{rel}","templated":true}]}}