{"id":5739,"date":"2014-08-18T20:50:17","date_gmt":"2014-08-18T18:50:17","guid":{"rendered":"http:\/\/reteitalianaism.it\/public_html\/?p=5739"},"modified":"2014-08-19T12:22:15","modified_gmt":"2014-08-19T10:22:15","slug":"aprire-rafah-ora-invito-allazione","status":"publish","type":"post","link":"https:\/\/reteitalianaism.it\/reteism\/index.php\/2014\/08\/18\/aprire-rafah-ora-invito-allazione\/","title":{"rendered":"Aprire Rafah ora: invito all&#8217;azione"},"content":{"rendered":"<p><a href=\"http:\/\/palsolidarity.org\">http:\/\/palsolidarity.org<\/a><br \/>\n18 agosto 2014 | aprire il valico di Rafah in modo permanente e incondizionato | Palestina occupata<\/p>\n<p>Vi preghiamo di continuare a chiedere che il governo egiziano apra il valico di Rafah. Inviaci le tue comunicazioni con l&#8217;ambasciata insieme ad una foto di te con un cartello con slogan come &#8216;Open Rafah Ora- fine della complicit\u00e0 egiziana nel genocidio israeliano&#8217; a: openrafahnow@gmail.com<br \/>\n<a href=\"http:\/\/reteitalianaism.it\/public_html\/wp-content\/uploads\/2014\/08\/wpid-copyimage-11148486245517_158_71.bmp\"><img decoding=\"async\" title=\"copyImage-11148486245517_158_71.bmp\" class=\"alignnone size-full\" alt=\"image\" src=\"http:\/\/reteitalianaism.it\/public_html\/wp-content\/uploads\/2014\/08\/wpid-copyimage-11148486245517_158_71.bmp\" \/><\/a> <\/p>\n<p>Le immagini e le comunicazioni saranno pubblicate sulla pagina di Facebook apriamo Rafah in modo permanente e incondizionato.<\/p>\n<p>In risposta alle chiamate da esseri umani nostri fratelli e compagni di Gaza che hanno chiesto di porre fine alla complicit\u00e0 del governo egiziano nel genocidio di Israele del popolo di Gaza.<br \/>\nChiamiamo le persone ad agire e contattare la propria ambasciata, per protestare contro la complicit\u00e0 dell&#8217;Egitto in un assedio illegale e disumano lasciando i pi\u00f9 sofferenti di Gaza soli e isolati.<br \/>\n<!--more--><\/p>\n<p>Nonostante una chiamata di cittadini egiziani per sollevare l&#8217;assedio, il governo egiziano ha invece sostenuto il piano israeliano per il ritorno allo status quo di lento genocidio. Il governo egiziano sostiene che la frontiera di Rafah \u00e8 aperta, ma la dura realt\u00e0 \u00e8 che il passaggio rimane chiuso a tutti, con troppo poche eccezioni.<\/p>\n<p>Per sette anni Gaza \u00e8 sotto un soffocante assedio mortale imposto da Israele e accettato dal governo egiziano, che limita fortemente tutti i movimenti di persone e prodotti.<\/p>\n<p>Con la distruzione gratuita e la devastazione che Israele ha compiuto a Gaza nel corso delle ultime 5 settimane, ora pi\u00f9 che mai \u00e8 indispensabile esigere che il governo egiziano apra Rafah completamente.<\/p>\n<p>Dal 7 luglio pi\u00f9 di 2.016 palestinesi sono stati uccisi e pi\u00f9 di 19.101 sono stati feriti. Il rifiuto del governo egiziano ad aprire la frontiera li rende complici di genocidio di Israele di una popolazione tenuto prigioniero.<\/p>\n<p>Grazie per agire! Alza la voce per la popolazione assediata di Gaza!<br \/>\nAprire Rafah ora!<\/p>\n","protected":false},"excerpt":{"rendered":"<p>http:\/\/palsolidarity.org 18 agosto 2014 | aprire il valico di Rafah in modo permanente e incondizionato | Palestina occupata Vi preghiamo di continuare a chiedere che il governo egiziano apra il valico di Rafah. Inviaci le tue comunicazioni con l&#8217;ambasciata insieme &hellip; <a href=\"https:\/\/reteitalianaism.it\/reteism\/index.php\/2014\/08\/18\/aprire-rafah-ora-invito-allazione\/\">Continue reading <span class=\"meta-nav\">&rarr;<\/span><\/a><\/p>\n","protected":false},"author":2,"featured_media":0,"comment_status":"open","ping_status":"open","sticky":false,"template":"","format":"standard","meta":{"footnotes":""},"categories":[68],"tags":[9,42],"class_list":["post-5739","post","type-post","status-publish","format-standard","hentry","category-opinioni","tag-apartheid","tag-resistenza"],"_links":{"self":[{"href":"https:\/\/reteitalianaism.it\/reteism\/index.php\/wp-json\/wp\/v2\/posts\/5739","targetHints":{"allow":["GET"]}}],"collection":[{"href":"https:\/\/reteitalianaism.it\/reteism\/index.php\/wp-json\/wp\/v2\/posts"}],"about":[{"href":"https:\/\/reteitalianaism.it\/reteism\/index.php\/wp-json\/wp\/v2\/types\/post"}],"author":[{"embeddable":true,"href":"https:\/\/reteitalianaism.it\/reteism\/index.php\/wp-json\/wp\/v2\/users\/2"}],"replies":[{"embeddable":true,"href":"https:\/\/reteitalianaism.it\/reteism\/index.php\/wp-json\/wp\/v2\/comments?post=5739"}],"version-history":[{"count":2,"href":"https:\/\/reteitalianaism.it\/reteism\/index.php\/wp-json\/wp\/v2\/posts\/5739\/revisions"}],"predecessor-version":[{"id":5742,"href":"https:\/\/reteitalianaism.it\/reteism\/index.php\/wp-json\/wp\/v2\/posts\/5739\/revisions\/5742"}],"wp:attachment":[{"href":"https:\/\/reteitalianaism.it\/reteism\/index.php\/wp-json\/wp\/v2\/media?parent=5739"}],"wp:term":[{"taxonomy":"category","embeddable":true,"href":"https:\/\/reteitalianaism.it\/reteism\/index.php\/wp-json\/wp\/v2\/categories?post=5739"},{"taxonomy":"post_tag","embeddable":true,"href":"https:\/\/reteitalianaism.it\/reteism\/index.php\/wp-json\/wp\/v2\/tags?post=5739"}],"curies":[{"name":"wp","href":"https:\/\/api.w.org\/{rel}","templated":true}]}}