{"id":5794,"date":"2014-08-28T21:59:00","date_gmt":"2014-08-28T19:59:00","guid":{"rendered":"http:\/\/reteitalianaism.it\/public_html\/?p=5794"},"modified":"2014-08-28T21:59:00","modified_gmt":"2014-08-28T19:59:00","slug":"lesercito-rapisce-quattordici-palestinesi-e-ne-detiene-due-in-cisgiordania","status":"publish","type":"post","link":"https:\/\/reteitalianaism.it\/reteism\/index.php\/2014\/08\/28\/lesercito-rapisce-quattordici-palestinesi-e-ne-detiene-due-in-cisgiordania\/","title":{"rendered":"L&#8217;esercito rapisce quattordici palestinesi, e ne detiene due, in Cisgiordania"},"content":{"rendered":"<p>La tregua \u00e8 solo a Gaza?<br \/>\n<a href=\"http:\/\/www.imemc.org\/article\/68981\">http:\/\/www.imemc.org\/article\/68981<\/a><br \/>\nGiovedi 28 Agosto 2014 11:35 da Saed Bannoura &#8211; IMEMC &#038; Agenzie<\/p>\n<p>I soldati israeliani hanno rapito quattordici palestinesi in varie invasioni bersagliando diverse comunit\u00e0 nella Cisgiordania occupata, e brevemente arrestato altri due palestinesi.<\/p>\n<p><a href=\"http:\/\/reteitalianaism.it\/public_html\/wp-content\/uploads\/2014\/08\/wpid-copyimage-1108471576554_867_69.bmp\"><img decoding=\"async\" title=\"copyImage-1108471576554_867_69.bmp\" class=\"alignnone size-full\" alt=\"image\" src=\"http:\/\/reteitalianaism.it\/public_html\/wp-content\/uploads\/2014\/08\/wpid-copyimage-1108471576554_867_69.bmp\" \/><\/a><\/p>\n<p>Fonti di stampa, nella centralissima citt\u00e0 di Ramallah, hanno riferito che l&#8217;esercito ha rapito una giovane donna, identificata come Fida &#8216;Suleiman, 22 anni, al posto di blocco di Modi&#8217;in, a ovest di Ramallah.<\/p>\n<p>I fratelli di Suleiman, Khader e Ahmad, sono entrambi prigionieri politici, detenuti da Israele.<\/p>\n<p>Le fonti hanno aggiunto che i soldati hanno invaso anche il villaggio di Betello a nord ovest di Ramallah, e rapito due palestinesi, identificati come &#8216;Othman As&#8217;ad, e Mahmoud al-Bazzaz.<!--more--><\/p>\n<p>A Betlemme, i soldati hanno invaso la vicina citt\u00e0 di Beit Fajjar,&nbsp; hanno fatto irruzione e perquisito diverse abitazioni, e hanno rapito due palestinesi identificati come Mohammad Hisham Deeriyya, 19, Imad Ibrahim Deeriyya, 23.<\/p>\n<p>Fonti locali a Hebron, nel sud della Cisgiordania, hanno dichiarato che i soldati hanno rapito due palestinesi dalla citt\u00e0, e un palestinese nella citt\u00e0 di Yatta, a sud di Hebron.<\/p>\n<p>I palestinesi rapiti sono stati identificati come Husam Zghayyar, Adham Abu Hadid, da Hebron, e Ali Khaled Morr, 28, da Yatta.<\/p>\n<p>In notizie correlate, i soldati hanno tolto un posto di blocco militare che \u00e8 stato bruciato dai manifestanti palestinesi, venerd\u00ec scorso, nella zona di Bab az-Zawiya, nel centro della citt\u00e0 di Hebron.<\/p>\n<p>L&#8217;esercito sta ora sostituendo il posto di blocco con uno di cemento e una stretta porta di ferro che consente il passaggio di&nbsp; una sola persona alla volta.<\/p>\n<p>Inoltre, i soldati hanno invaso villaggio di Burin, a sud della citt\u00e0 di Nablus, e rapito Zeidan Ghassan Najjar, 24, dopo aver cercato di saccheggiare la sua casa.<\/p>\n<p>L&#8217;esercito ha invaso anche la casa di Ibrahim &#8216;Omran, preside del liceo locale nella citt\u00e0, e hanno minacciato di rapire anche lui &#8220;i suoi studenti continuarno a tenere le proteste,&#8221; e &#8220;continuano a lanciare pietre contro le auto dei coloni.&#8221;<\/p>\n<p>Diversi soldati anche fatto irruzione in un&#8217;altra casa nel villaggio, e lo hanno cercato, prima di ritirarsi.<\/p>\n<p>Inoltre, decine di soldati hanno invaso la citt\u00e0 di Tulkarem, nel nord della Cisgiordania, e hanno rapito cinque palestinesi dopo essere entrati vioolentemente nelle loro case, saccheggiando le loro propriet\u00e0.<\/p>\n<p>I palestinesi rapiti sono stati identificati come Akram Issam Qa&#8217;dan, 29, Samer Kamal Fakhoury, 28, Abdul-Baset Issam Shreiteh, 23, Qassam Riyadh Bdeir, 26, e Amjad Abu Safaqa.<\/p>\n<p>A Jenin,&nbsp; nella parte settentrionale della Cisgiordania, i soldati hanno&nbsp; invaso e messo a soqquadro diverse abitazioni, interrogato un numero di residenti, e brevemente arrestato due palestinesi, prima di consegnarli ai militari che hanno ordinato loro di dirigersi verso la base militare di Salem per l&#8217;interrogatorio.<\/p>\n<p>I due sono stati identificati come Mohammad Rajab Yassin, 24 anni, e Karim Mustafa Ghazeel, 16.<\/p>\n","protected":false},"excerpt":{"rendered":"<p>La tregua \u00e8 solo a Gaza? http:\/\/www.imemc.org\/article\/68981 Giovedi 28 Agosto 2014 11:35 da Saed Bannoura &#8211; IMEMC &#038; Agenzie I soldati israeliani hanno rapito quattordici palestinesi in varie invasioni bersagliando diverse comunit\u00e0 nella Cisgiordania occupata, e brevemente arrestato altri due &hellip; <a href=\"https:\/\/reteitalianaism.it\/reteism\/index.php\/2014\/08\/28\/lesercito-rapisce-quattordici-palestinesi-e-ne-detiene-due-in-cisgiordania\/\">Continue reading <span class=\"meta-nav\">&rarr;<\/span><\/a><\/p>\n","protected":false},"author":2,"featured_media":0,"comment_status":"open","ping_status":"open","sticky":false,"template":"","format":"standard","meta":{"footnotes":""},"categories":[1],"tags":[],"class_list":["post-5794","post","type-post","status-publish","format-standard","hentry","category-senza-categoria"],"_links":{"self":[{"href":"https:\/\/reteitalianaism.it\/reteism\/index.php\/wp-json\/wp\/v2\/posts\/5794","targetHints":{"allow":["GET"]}}],"collection":[{"href":"https:\/\/reteitalianaism.it\/reteism\/index.php\/wp-json\/wp\/v2\/posts"}],"about":[{"href":"https:\/\/reteitalianaism.it\/reteism\/index.php\/wp-json\/wp\/v2\/types\/post"}],"author":[{"embeddable":true,"href":"https:\/\/reteitalianaism.it\/reteism\/index.php\/wp-json\/wp\/v2\/users\/2"}],"replies":[{"embeddable":true,"href":"https:\/\/reteitalianaism.it\/reteism\/index.php\/wp-json\/wp\/v2\/comments?post=5794"}],"version-history":[{"count":1,"href":"https:\/\/reteitalianaism.it\/reteism\/index.php\/wp-json\/wp\/v2\/posts\/5794\/revisions"}],"predecessor-version":[{"id":5795,"href":"https:\/\/reteitalianaism.it\/reteism\/index.php\/wp-json\/wp\/v2\/posts\/5794\/revisions\/5795"}],"wp:attachment":[{"href":"https:\/\/reteitalianaism.it\/reteism\/index.php\/wp-json\/wp\/v2\/media?parent=5794"}],"wp:term":[{"taxonomy":"category","embeddable":true,"href":"https:\/\/reteitalianaism.it\/reteism\/index.php\/wp-json\/wp\/v2\/categories?post=5794"},{"taxonomy":"post_tag","embeddable":true,"href":"https:\/\/reteitalianaism.it\/reteism\/index.php\/wp-json\/wp\/v2\/tags?post=5794"}],"curies":[{"name":"wp","href":"https:\/\/api.w.org\/{rel}","templated":true}]}}