{"id":5811,"date":"2014-09-01T16:49:55","date_gmt":"2014-09-01T14:49:55","guid":{"rendered":"http:\/\/reteitalianaism.it\/public_html\/?p=5811"},"modified":"2014-09-01T16:49:55","modified_gmt":"2014-09-01T14:49:55","slug":"manifestazione-a-kufr-qaddum","status":"publish","type":"post","link":"https:\/\/reteitalianaism.it\/reteism\/index.php\/2014\/09\/01\/manifestazione-a-kufr-qaddum\/","title":{"rendered":"Manifestazione a Kufr Qaddum"},"content":{"rendered":"<p>29 agosto 2014 | International Solidarity Movement, Nablus Team | Kufr Qaddum<\/p>\n<p>Un centinaio o pi\u00f9 abitanti di Kufr Qaddum, accompagnati da attivisti internazionali e israeliani, hanno partecipato a una protesta regolare dopo la preghiera del venerd\u00ec.<\/p>\n<div style=\"width: 410px\" class=\"wp-caption alignnone\"><a href=\"http:\/\/reteitalianaism.it\/public_html\/wp-content\/uploads\/2014\/09\/wpid-copyimage-11224296485026_506_222.bmp\"><img decoding=\"async\" title=\"copyImage-11224296485026_506_222.bmp\" class=\"alignnone size-full\" alt=\"image\" src=\"http:\/\/reteitalianaism.it\/public_html\/wp-content\/uploads\/2014\/09\/wpid-copyimage-11224296485026_506_222.bmp\" \/><\/a><p class=\"wp-caption-text\">Manifestazione a Kufr Qaddum (foto di ISM)<\/p><\/div>\n<p>Diverse ore prima che la manifestazione iniziasse, i giovani del villaggio hanno bloccato parte della strada principale del villaggio\u00a0 e monitorato il movimento dell&#8217;esercito israeliano, che si posiziona spesso, in mezzo alle case del villaggio e sulle colline circostanti, prima dell&#8217;inizio della protesta.<\/p>\n<p>Il loro scopo \u00e8 quello di disperdere i manifestanti. Sparano proiettili di gomma e gas lacrimogeni contro di loro da distanza ravvicinata e scattano foto dei manifestanti, per usarli come prove nei tribunali militari degli occupanti.<!--more--><\/p>\n<p>Quando siamo arrivati, poco prima di mezzogiorno, c&#8217;erano linee di sassi poste dagli abitanti del villaggio sulla strada poco prima che l&#8217;inizio della chiusura della\u00a0 strada abbia inizio. L&#8217;esercito israeliano era in pieno assetto dall&#8217;altra parte, con il bulldozer e veicoli dell&#8217;esercito visibili da dove eravamo.<\/p>\n<div style=\"width: 410px\" class=\"wp-caption alignnone\"><a href=\"http:\/\/reteitalianaism.it\/public_html\/wp-content\/uploads\/2014\/09\/wpid-copyimage-11199494885035_274_249.bmp\"><img decoding=\"async\" title=\"copyImage-11199494885035_274_249.bmp\" class=\"alignnone size-full\" alt=\"image\" src=\"http:\/\/reteitalianaism.it\/public_html\/wp-content\/uploads\/2014\/09\/wpid-copyimage-11199494885035_274_249.bmp\" \/><\/a><p class=\"wp-caption-text\">I manifestanti in Kufr Qaddum (foto di ISM)<\/p><\/div>\n<p>Quello che succede di solito \u00e8 che l&#8217;esercito israeliano inonda i manifestanti con gas lacrimogeni e proiettili di gomma e poi il bulldozer si muove, eliminando le linee di pietree, seguita dal veicolo che spruzza un maleodorante &#8216;skunk water&#8217; contro i manifestanti e le case nella zona circostante.<\/p>\n<p>Questa volta la routine \u00e8 cambiata, in quanto il bulldozer dell&#8217;esercito si \u00e8 rotto e l&#8217;esercito israeliano non poteva fare un&#8217;incursione nel villaggio. Invece, hanno inondato i manifestanti con ondate continue di gas lacrimogeni, mentre i giovani del villaggio hanno lanciato pietre contro di loro e ai loro veicoli mentre davano fuoco a pneumatici.<\/p>\n<p><a href=\"http:\/\/reteitalianaism.it\/public_html\/wp-content\/uploads\/2014\/09\/wpid-copyimage-11199053445040_698_113.bmp\"><img decoding=\"async\" title=\"copyImage-11199053445040_698_113.bmp\" class=\"alignnone size-full\" alt=\"image\" src=\"http:\/\/reteitalianaism.it\/public_html\/wp-content\/uploads\/2014\/09\/wpid-copyimage-11199053445040_698_113.bmp\" \/><\/a><\/p>\n<p>La strada principale del paese \u00e8 stata chiusa nel 2002 per agevolare le esigenze dell&#8217;insediamento illegale di Kedumim, che \u00e8 stato costruito intorno alla strada che collega Kufr Qaddum con la citt\u00e0 di Nablus, situata 9 chilometri a est.<\/p>\n<p>La chiusura \u00e8 uno dei tanti esempi di interruzione della vita quotidiana palestinese per soddisfare le esigenze dei colonizzatori\u00a0 illegali e dell&#8217;esercito di occupazione. Esso separa gli abitanti dalle loro terre e fa si che\u00a0 Nablus sia raggiungibile solo tramite una deviazione lunga, che ha aumentato il tempo di percorrenza da 15 minuti fino a 40 minuti, triplicando il costo del viaggio.<\/p>\n<p>Le proteste del venerd\u00ec a Kufr Qaddum hanno iniziato nel 2011, e sono diventati noti per l&#8217;estrema brutalit\u00e0 della risposta dell&#8217;esercito israeliano, con decine di persone che vengono ferite in tempi recenti dai proiettili di acciaio ricoperti di gomma e gas lacrimogeni sparati direttamente sui manifestanti. Abbiamo assistito a questo noi il venerd\u00ec, nonostante questa pratica viola le linee guida dello stesso esercito occupante.<br \/>\nL<\/p>\n<div style=\"width: 410px\" class=\"wp-caption alignnone\"><a href=\"http:\/\/reteitalianaism.it\/public_html\/wp-content\/uploads\/2014\/09\/wpid-copyimage-11302193845046_986_971.bmp\"><img decoding=\"async\" title=\"copyImage-11302193845046_986_971.bmp\" class=\"alignnone size-full\" alt=\"image\" src=\"http:\/\/reteitalianaism.it\/public_html\/wp-content\/uploads\/2014\/09\/wpid-copyimage-11302193845046_986_971.bmp\" \/><\/a><p class=\"wp-caption-text\"><br \/>\nEsercito spara gas lacrimogeni contro i manifestanti (foto di ISM)<\/p><\/div>\n<p>Inoltre negli ultimi mesi, decine di abitanti Kufr Qaddum sono stati arrestati per aver partecipato alle proteste, compresi bambini di 10 anni.<\/p>\n<p>Quando stavamo rientrando verso Nablus dopo la manifestazione, abbiamo dovuto passare attraverso due posti di blocco israeliani, che non erano l\u00ec quando eravamo andati\u00a0 a Kufr Qaddum. Lunghe file di auto palestinesi sono state fatte attendere, avanzando lentamente nel caldo pomeriggio verso dove l&#8217;esercito bloccava la strada, per avere il loro ID controllata. Al secondo posto di controllo, tre soldati stavano controllando gli ID in riferimento a un foglio di carta che\u00a0 uno di loro mostrava, probabilmente con i nomi delle persone che stavano cercando. Il quarto soldato era in piedi sulla cima della vicina collina con la sua mitragliatrice pintata sulla fila di auto e il suo dito tristemente vicino al grilletto.<\/p>\n","protected":false},"excerpt":{"rendered":"<p>29 agosto 2014 | International Solidarity Movement, Nablus Team | Kufr Qaddum Un centinaio o pi\u00f9 abitanti di Kufr Qaddum, accompagnati da attivisti internazionali e israeliani, hanno partecipato a una protesta regolare dopo la preghiera del venerd\u00ec. Diverse ore prima &hellip; <a href=\"https:\/\/reteitalianaism.it\/reteism\/index.php\/2014\/09\/01\/manifestazione-a-kufr-qaddum\/\">Continue reading <span class=\"meta-nav\">&rarr;<\/span><\/a><\/p>\n","protected":false},"author":2,"featured_media":0,"comment_status":"open","ping_status":"open","sticky":false,"template":"","format":"standard","meta":{"footnotes":""},"categories":[1],"tags":[],"class_list":["post-5811","post","type-post","status-publish","format-standard","hentry","category-senza-categoria"],"_links":{"self":[{"href":"https:\/\/reteitalianaism.it\/reteism\/index.php\/wp-json\/wp\/v2\/posts\/5811","targetHints":{"allow":["GET"]}}],"collection":[{"href":"https:\/\/reteitalianaism.it\/reteism\/index.php\/wp-json\/wp\/v2\/posts"}],"about":[{"href":"https:\/\/reteitalianaism.it\/reteism\/index.php\/wp-json\/wp\/v2\/types\/post"}],"author":[{"embeddable":true,"href":"https:\/\/reteitalianaism.it\/reteism\/index.php\/wp-json\/wp\/v2\/users\/2"}],"replies":[{"embeddable":true,"href":"https:\/\/reteitalianaism.it\/reteism\/index.php\/wp-json\/wp\/v2\/comments?post=5811"}],"version-history":[{"count":1,"href":"https:\/\/reteitalianaism.it\/reteism\/index.php\/wp-json\/wp\/v2\/posts\/5811\/revisions"}],"predecessor-version":[{"id":5812,"href":"https:\/\/reteitalianaism.it\/reteism\/index.php\/wp-json\/wp\/v2\/posts\/5811\/revisions\/5812"}],"wp:attachment":[{"href":"https:\/\/reteitalianaism.it\/reteism\/index.php\/wp-json\/wp\/v2\/media?parent=5811"}],"wp:term":[{"taxonomy":"category","embeddable":true,"href":"https:\/\/reteitalianaism.it\/reteism\/index.php\/wp-json\/wp\/v2\/categories?post=5811"},{"taxonomy":"post_tag","embeddable":true,"href":"https:\/\/reteitalianaism.it\/reteism\/index.php\/wp-json\/wp\/v2\/tags?post=5811"}],"curies":[{"name":"wp","href":"https:\/\/api.w.org\/{rel}","templated":true}]}}