{"id":5917,"date":"2014-09-21T19:37:16","date_gmt":"2014-09-21T17:37:16","guid":{"rendered":"http:\/\/reteitalianaism.it\/public_html\/?p=5917"},"modified":"2014-09-21T22:01:24","modified_gmt":"2014-09-21T20:01:24","slug":"scuola-palestinese-data-alle-fiamme","status":"publish","type":"post","link":"https:\/\/reteitalianaism.it\/reteism\/index.php\/2014\/09\/21\/scuola-palestinese-data-alle-fiamme\/","title":{"rendered":"Scuola palestinese data alle fiamme"},"content":{"rendered":"<p><a href=\"http:\/\/palsolidarity.org\/2014\/09\/palestinian-school-set-on-fire\/\">http:\/\/palsolidarity.org\/2014\/09\/palestinian-school-set-on-fire\/<\/a><br \/>\nLa sera del 10 settembre, ignoti hanno fatto irruzione nella Scuola Secondaria As-Sawia, hanno forzato la porta e incendiato la scuola. Beduini che vivono vicino alla scuola hanno visto il fuoco e allertato i vigili del fuoco. Nel tempo per arrivare, l&#8217;ufficio del preside e le camere degli insegnanti sono stati completamente bruciati.<\/p>\n<p><a href=\"http:\/\/reteitalianaism.it\/public_html\/wp-content\/uploads\/2014\/09\/wpid-copyimage-11158410001544_475_28.bmp\"><img decoding=\"async\" title=\"copyImage-11158410001544_475_28.bmp\" class=\"alignnone size-full\" alt=\"image\" src=\"http:\/\/reteitalianaism.it\/public_html\/wp-content\/uploads\/2014\/09\/wpid-copyimage-11158410001544_475_28.bmp\" \/><\/a><\/p>\n<p>&#8220;Abbiamo perso sei computer, quattro stampanti, tutti i libri degli insegnanti e i loro materiali, ma soprattutto, i documenti amministrativi e i file degli studenti e sulla situazione della scuola nel corso degli ultimi anni. L&#8217;intero danno \u00e8 di circa 140.000 shekel, &#8220;il preside Adnan Hussein ha detto a ISM. La scuola \u00e8 stata chiusa per tre giorni dopo l&#8217;attacco incendiario.<!--more--><\/p>\n<p><a href=\"http:\/\/reteitalianaism.it\/public_html\/wp-content\/uploads\/2014\/09\/wpid-copyimage-11148702321549_968_565.bmp\"><img decoding=\"async\" title=\"copyImage-11148702321549_968_565.bmp\" class=\"alignnone size-full\" alt=\"image\" src=\"http:\/\/reteitalianaism.it\/public_html\/wp-content\/uploads\/2014\/09\/wpid-copyimage-11148702321549_968_565.bmp\" \/><\/a><\/p>\n<p>Come in molte scuole della Cisgiordania occupata, gli studenti e il personale della Scuola Secondaria di As-Sawia soffre&nbsp; costantemente per le molestie dei&nbsp; coloni e dei militari. Tre giorni prima dell&#8217;incendio doloso, coloni armati che si definivano &#8220;sicurezza&#8221;, provenienti da uno degli insediamenti illegali sulla vicina collina&nbsp; stavano ai cancelli della scuola. Quando il preside parl\u00f2 con loro, hanno sostenuto che i bambini hanno lanciato pietre contro le auto dei coloni nel loro cammino verso la scuola.<\/p>\n<p>La scuola si trova sula strada 90, che \u00e8 stata pavimentata nel 1944 e attraversa la Cisgiordania. La strada \u00e8 utilizzata dai palestinesi e dai coloni illegali. I bambini devono camminare insieme per arrivare a scuola la mattina e per tornare a casa dopo la scuola.<\/p>\n<p><a href=\"http:\/\/reteitalianaism.it\/public_html\/wp-content\/uploads\/2014\/09\/wpid-copyimage-11103598641554_355_297.bmp\"><img decoding=\"async\" title=\"copyImage-11103598641554_355_297.bmp\" class=\"alignnone size-full\" alt=\"image\" src=\"http:\/\/reteitalianaism.it\/public_html\/wp-content\/uploads\/2014\/09\/wpid-copyimage-11103598641554_355_297.bmp\" \/><\/a><\/p>\n<p>&#8220;La nostra scuola sta soffrendo sia per i coloni che per l&#8217;esercito&#8221;, ha spiegato Hussein. &#8220;Abbiamo sempre l&#8217;esercito alle nostre porte, con controllo delle identit\u00e0 e dobbiamo preoccuparci dei bambini&#8221;<\/p>\n<p>Il 3 settembre, coloni armati si sono fermati al cancello della scuola in una macchina con l&#8217;insegna &#8220;sicurezza&#8221; dell&#8217;insediamento illegale&nbsp; di Eli. Uno dei coloni \u00e8 venuto fuori dalla macchina, \u00e8 saltato oltre il recinto e ha iniziato a seguire alcuni dei bambini, che avevano finito le loro lezioni e stavano partendo per casa. Il preside si \u00e8 avvicinato al colono e gli ha detto che non gli \u00e8 permesso entrare nella scuola con le armi, e il colono ha risposto che stava cercando un bambino che ha lanciato pietre e grida contro l&#8217;auto dei coloni.<\/p>\n<p><a href=\"http:\/\/reteitalianaism.it\/public_html\/wp-content\/uploads\/2014\/09\/wpid-copyimage-11228128641558_569_534.bmp\"><img decoding=\"async\" title=\"copyImage-11228128641558_569_534.bmp\" class=\"alignnone size-full\" alt=\"image\" src=\"http:\/\/reteitalianaism.it\/public_html\/wp-content\/uploads\/2014\/09\/wpid-copyimage-11228128641558_569_534.bmp\" \/><\/a><\/p>\n<p>Dopo aver accettato di spostarsi fuori dal cancello della scuola su insistenza del dirigente scolastico, il colono con la mitragliatrice \u00e8 stato raggiunto da un altro colono e hanno insistito sul fatto che il ragazzo in maglietta rossa venisse portata da loro. Volevano anche il numero di cellulare del dirigente scolastico in modo di poterlo chiamare in futuro.<\/p>\n<p>&#8220;Ho avuto una brutta sensazione che qualcosa di orribile sarebbe accaduto e che avrebbero inziato a sparare,&#8221; racconta Hussien. &#8220;Ho lasciato alcuni insegnanti con i coloni e con altri insegnanti e sono andato a scortare i bambini attraverso un altro cancello per mandarli a casa, quando sono apparsi tre soldati. Sono andato a parlare con loro. Ho detto loro che non possono venire a scuola con le loro armi e le loro uniformi, ma hanno insistito che volevano parlare con un ragazzo in maglietta rossa per 10 minuti. &#8221;<\/p>\n<p>Il preside e il personale stavano tra soldati e coloni e gli alunni per proteggerli mentre stavano lasciando la scuola. A questo punto i genitori preoccupati erano al cancello e hanno portato via i bambini.<\/p>\n<p>Durante tutto il 2013, l&#8217;esercito \u00e8 entrato a AS-sawiya 51 volte e i bambini e il personale hanno dovuto abituarsi a gas lacrimogeni, bombe sonore e gli arresti degli alunni.<\/p>\n<p>Hussein ha spiegato, &#8220;E &#8216;una preoccupazione costante che i coloni e l&#8217;esercito verranno. \u00c8 gi\u00e0 impegnativo controllare 350 adolescenti anche nei paesi dove non c&#8217;\u00e8 occupazione dura. Non \u00e8 facile e facciamo quello che possiamo per cercare di fare del nostro meglio per mantenere l&#8217;educazione per i nostri bambini che crescono. Non abbiamo alcun problema con il popolo ebraico, e posso dire che molti di loro sono gentili e onesti, ma i coloni sono generalmente persone pericolose. So che la gente dovrebbe essere in grado di scegliere dove vivere, ma questo non include prendere la terra di qualcun altro senza permesso. &#8220;<\/p>\n","protected":false},"excerpt":{"rendered":"<p>http:\/\/palsolidarity.org\/2014\/09\/palestinian-school-set-on-fire\/ La sera del 10 settembre, ignoti hanno fatto irruzione nella Scuola Secondaria As-Sawia, hanno forzato la porta e incendiato la scuola. Beduini che vivono vicino alla scuola hanno visto il fuoco e allertato i vigili del fuoco. Nel tempo &hellip; <a href=\"https:\/\/reteitalianaism.it\/reteism\/index.php\/2014\/09\/21\/scuola-palestinese-data-alle-fiamme\/\">Continue reading <span class=\"meta-nav\">&rarr;<\/span><\/a><\/p>\n","protected":false},"author":2,"featured_media":0,"comment_status":"open","ping_status":"open","sticky":false,"template":"","format":"standard","meta":{"footnotes":""},"categories":[3],"tags":[50,51],"class_list":["post-5917","post","type-post","status-publish","format-standard","hentry","category-info","tag-violenza-dei-coloni","tag-violenza-sui-minori"],"_links":{"self":[{"href":"https:\/\/reteitalianaism.it\/reteism\/index.php\/wp-json\/wp\/v2\/posts\/5917","targetHints":{"allow":["GET"]}}],"collection":[{"href":"https:\/\/reteitalianaism.it\/reteism\/index.php\/wp-json\/wp\/v2\/posts"}],"about":[{"href":"https:\/\/reteitalianaism.it\/reteism\/index.php\/wp-json\/wp\/v2\/types\/post"}],"author":[{"embeddable":true,"href":"https:\/\/reteitalianaism.it\/reteism\/index.php\/wp-json\/wp\/v2\/users\/2"}],"replies":[{"embeddable":true,"href":"https:\/\/reteitalianaism.it\/reteism\/index.php\/wp-json\/wp\/v2\/comments?post=5917"}],"version-history":[{"count":1,"href":"https:\/\/reteitalianaism.it\/reteism\/index.php\/wp-json\/wp\/v2\/posts\/5917\/revisions"}],"predecessor-version":[{"id":5918,"href":"https:\/\/reteitalianaism.it\/reteism\/index.php\/wp-json\/wp\/v2\/posts\/5917\/revisions\/5918"}],"wp:attachment":[{"href":"https:\/\/reteitalianaism.it\/reteism\/index.php\/wp-json\/wp\/v2\/media?parent=5917"}],"wp:term":[{"taxonomy":"category","embeddable":true,"href":"https:\/\/reteitalianaism.it\/reteism\/index.php\/wp-json\/wp\/v2\/categories?post=5917"},{"taxonomy":"post_tag","embeddable":true,"href":"https:\/\/reteitalianaism.it\/reteism\/index.php\/wp-json\/wp\/v2\/tags?post=5917"}],"curies":[{"name":"wp","href":"https:\/\/api.w.org\/{rel}","templated":true}]}}