{"id":5921,"date":"2014-09-21T21:48:26","date_gmt":"2014-09-21T19:48:26","guid":{"rendered":"http:\/\/reteitalianaism.it\/public_html\/?p=5921"},"modified":"2014-09-21T22:00:16","modified_gmt":"2014-09-21T20:00:16","slug":"loffensiva-israeliana-a-gaza-ha-provocato-danni-totali-o-parziali-a-75-asili-nido-e-centri-diurni","status":"publish","type":"post","link":"https:\/\/reteitalianaism.it\/reteism\/index.php\/2014\/09\/21\/loffensiva-israeliana-a-gaza-ha-provocato-danni-totali-o-parziali-a-75-asili-nido-e-centri-diurni\/","title":{"rendered":"L&#8217;offensiva israeliana a Gaza ha provocato danni totali o parziali a 75 asili nido e centri diurni"},"content":{"rendered":"<p><a href=\"http:\/\/palsolidarity.org\/2014\/09\/the-israeli-offensive-on-gaza-caused-full-or-partial-damages-to-75-kindergartens-and-day-care-centers\/\">http:\/\/palsolidarity.org\/2014\/09\/the-israeli-offensive-on-gaza-caused-full-or-partial-damages-to-75-kindergartens-and-day-care-centers\/<\/a><br \/>\nDemocracy and workers Rights Center in Palestina | Gaza,&nbsp; Palestina occupata<br \/>\nI lavoratori del&nbsp; Centro&nbsp; in un campo hanno documentato danni totali o parziali a 75 asili nido che sono stati causati durante l&#8217;offensiva israeliana di 51 giorni contro la Striscia di Gaza questa estate.<\/p>\n<p>I lavoratori sul campo di DWRC hanno condotte visite in loco a tutti gli asili che hanno subito danni e raccolto informazioni attraverso la compilazione di questionari e dichiarazioni giurate da proprietari di asilo nei cinque governatorati di Gaza, con particolare attenzione alle aree orientali, dove erano concentrati tali danni.<\/p>\n<p>Tra le 75 scuole materne e asili nido che hanno subito danni, 12 sono stati completamente distrutti e 63 parzialmente danneggiati da bombardamenti. Essi sono distribuiti come segue: 10 si trovano nel governatorato settentrionale di Gaza, 17 nel governatorato di Gaza, 17 nel governatorato Medio Gaza, 21 nel governatorato di Khan Younis. L&#8217;offensiva israeliana a Gaza ha provocato danni totali o parziali a 75 asili nido e centri diurni nel governatorato di Khan Younis&nbsp; e 10 nel&nbsp; governatorato di Rafah.<br \/>\n Questi asili nido impiegano 629 lavoratori di sesso femminile, tra cui educatori, amministratori e addetti alle pulizie , e hanno lavorato per curare e fornire l&#8217;istruzione pre-scolastica di 12.671 bambini.<\/p>\n<div style=\"width: 378px\" class=\"wp-caption alignnone\"><a href=\"http:\/\/reteitalianaism.it\/public_html\/wp-content\/uploads\/2014\/09\/wpid-copyimage-11321526005158_710_624.bmp\"><img decoding=\"async\" title=\"copyImage-11321526005158_710_624.bmp\" class=\"alignnone size-full\" alt=\"image\" src=\"http:\/\/reteitalianaism.it\/public_html\/wp-content\/uploads\/2014\/09\/wpid-copyimage-11321526005158_710_624.bmp\" \/><\/a><p class=\"wp-caption-text\">Foto di Democrazia e Workers &#39;Rights Center in Palestina<\/p><\/div>\n<p><!--more--><\/p>\n<p><a href=\"http:\/\/reteitalianaism.it\/public_html\/wp-content\/uploads\/2014\/09\/wpid-copyimage-1113355864522_346_248.bmp\"><img decoding=\"async\" title=\"copyImage-1113355864522_346_248.bmp\" class=\"alignnone size-full\" alt=\"image\" src=\"http:\/\/reteitalianaism.it\/public_html\/wp-content\/uploads\/2014\/09\/wpid-copyimage-1113355864522_346_248.bmp\" \/><\/a><\/p>\n<p>I proprietari di alcuni degli asili hanno intrapreso le riparazioni a proprie spese, al fine di riaprirli e altri si sono trasferiti in locali alternativi vicino alla loro posizione originale, mentre un terzo gruppo \u00e8 stato in grado di aprire gli asili nido o centri diurni per questa giornata.<\/p>\n<p>Il Centro Lavoratori per diritto e democrazia, condanna fermamente gli attacchi israeliani contro le istituzioni educative e invita la comunit\u00e0 internazionale a ritenere responsabile il potere israeliano occupante per i crimini commessi durante la sua ultima offensiva militare contro la Striscia di Gaza. Il Centro sottolinea la necessit\u00e0 di garantire la particolare cura e protezione per i bambini in tutte le circostanze, come previsto dal diritto internazionale, dai diritti umani e dal diritto umanitario, e le dichiarazioni sui diritti del fanciullo. DWRC sottolinea anche l&#8217;urgente necessit\u00e0 di riabilitare asili danneggiati e asili, e compensare i loro proprietari nel pi\u00f9 breve tempo possibile a causa della necessit\u00e0 della societ\u00e0 per i loro servizi essenziali.<\/p>\n<p>L&#8217;educazione della prima infanzia nel territorio palestinese occupato \u00e8 fornita dal settore privato o dalle ONG, e non riceve sovvenzioni dal governo. Il 99% dei lavoratori del settore sono donne, la maggior parte di loro hanno paga ben al di sotto del salario minimo mensile di 1.450 NIS. Si tratta di un settore che ha gi\u00e0 sofferto molto per gli alti tassi di povert\u00e0 e di disoccupazione, in particolare nella Striscia di Gaza, poich\u00e9 dipende in gran parte dalla capacit\u00e0 delle famiglie di pagare per i suoi servizi.<\/p>\n<p>Per ulteriori informazioni o per accedere ai dati dettagliati sui danni subiti dalle scuole materne e asili, vi preghiamo di contattarci all&#8217;indirizzo extr@dwrc.org<\/p>\n","protected":false},"excerpt":{"rendered":"<p>http:\/\/palsolidarity.org\/2014\/09\/the-israeli-offensive-on-gaza-caused-full-or-partial-damages-to-75-kindergartens-and-day-care-centers\/ Democracy and workers Rights Center in Palestina | Gaza,&nbsp; Palestina occupata I lavoratori del&nbsp; Centro&nbsp; in un campo hanno documentato danni totali o parziali a 75 asili nido che sono stati causati durante l&#8217;offensiva israeliana di 51 giorni contro &hellip; <a href=\"https:\/\/reteitalianaism.it\/reteism\/index.php\/2014\/09\/21\/loffensiva-israeliana-a-gaza-ha-provocato-danni-totali-o-parziali-a-75-asili-nido-e-centri-diurni\/\">Continue reading <span class=\"meta-nav\">&rarr;<\/span><\/a><\/p>\n","protected":false},"author":2,"featured_media":0,"comment_status":"open","ping_status":"open","sticky":false,"template":"","format":"standard","meta":{"footnotes":""},"categories":[2,3],"tags":[25,51],"class_list":["post-5921","post","type-post","status-publish","format-standard","hentry","category-gaza-2","category-info","tag-gaza","tag-violenza-sui-minori"],"_links":{"self":[{"href":"https:\/\/reteitalianaism.it\/reteism\/index.php\/wp-json\/wp\/v2\/posts\/5921","targetHints":{"allow":["GET"]}}],"collection":[{"href":"https:\/\/reteitalianaism.it\/reteism\/index.php\/wp-json\/wp\/v2\/posts"}],"about":[{"href":"https:\/\/reteitalianaism.it\/reteism\/index.php\/wp-json\/wp\/v2\/types\/post"}],"author":[{"embeddable":true,"href":"https:\/\/reteitalianaism.it\/reteism\/index.php\/wp-json\/wp\/v2\/users\/2"}],"replies":[{"embeddable":true,"href":"https:\/\/reteitalianaism.it\/reteism\/index.php\/wp-json\/wp\/v2\/comments?post=5921"}],"version-history":[{"count":1,"href":"https:\/\/reteitalianaism.it\/reteism\/index.php\/wp-json\/wp\/v2\/posts\/5921\/revisions"}],"predecessor-version":[{"id":5922,"href":"https:\/\/reteitalianaism.it\/reteism\/index.php\/wp-json\/wp\/v2\/posts\/5921\/revisions\/5922"}],"wp:attachment":[{"href":"https:\/\/reteitalianaism.it\/reteism\/index.php\/wp-json\/wp\/v2\/media?parent=5921"}],"wp:term":[{"taxonomy":"category","embeddable":true,"href":"https:\/\/reteitalianaism.it\/reteism\/index.php\/wp-json\/wp\/v2\/categories?post=5921"},{"taxonomy":"post_tag","embeddable":true,"href":"https:\/\/reteitalianaism.it\/reteism\/index.php\/wp-json\/wp\/v2\/tags?post=5921"}],"curies":[{"name":"wp","href":"https:\/\/api.w.org\/{rel}","templated":true}]}}