{"id":5961,"date":"2014-09-26T23:45:03","date_gmt":"2014-09-26T21:45:03","guid":{"rendered":"http:\/\/reteitalianaism.it\/public_html\/?p=5961"},"modified":"2014-09-29T22:43:19","modified_gmt":"2014-09-29T20:43:19","slug":"video-le-forze-israeliane-usano-la-violenza-contro-manifestanti-disarmati-che-tentano-di-piantare-ulivi-a-wadi-foukeen","status":"publish","type":"post","link":"https:\/\/reteitalianaism.it\/reteism\/index.php\/2014\/09\/26\/video-le-forze-israeliane-usano-la-violenza-contro-manifestanti-disarmati-che-tentano-di-piantare-ulivi-a-wadi-foukeen\/","title":{"rendered":"VIDEO: Le forze israeliane usano la violenza contro manifestanti disarmati che tentano di piantare ulivi a Wadi Foukeen"},"content":{"rendered":"<p><a href=\"http:\/\/palsolidarity.org\/2014\/09\/video-israeli-forces-use-violence-against-unarmed-demonstrators-in-wadi-foukeen\/\">http:\/\/palsolidarity.org\/2014\/09\/video-israeli-forces-use-violence-against-unarmed-demonstrators-in-wadi-foukeen\/<\/a><br \/>\n26 Settembre\u00a02014 | International Solidarity Movement, Khalil team | Wadi Foukeen, Occupied Palestine<br \/>\nWadi Foukeen \u00e8 un villaggio palestinese a ovest di Betlemme, con una popolazione di circa 1.250 persone. Una\u00a0 manifestazione settimanale del venerd\u00ec \u00e8 stata organizzata dalla comunit\u00e0 del villaggio contro l&#8217;occupazione israeliana e in risposta al recente furto di terra di 4.000 dunam (circa 1.000 ettari) da parte del governo israeliano. Oltre un quarto dei terreni confiscati appartiene al villaggio di Wadi Foukeen, che ha gi\u00e0 perso gran parte delle sue risorse territoriali e naturali per i sempre crescenti insediamenti israeliani illegali di Beitar Illit, Hadar Beitar, e Tsur Hadassah che la circondano su tre lati.<\/p>\n<p><a href=\"http:\/\/reteitalianaism.it\/public_html\/wp-content\/uploads\/2014\/09\/wpid-copyimage-11153892644548_373_213.bmp\"><img decoding=\"async\" title=\"copyImage-11153892644548_373_213.bmp\" class=\"alignnone size-full\" alt=\"image\" src=\"http:\/\/reteitalianaism.it\/public_html\/wp-content\/uploads\/2014\/09\/wpid-copyimage-11153892644548_373_213.bmp\" \/><\/a><\/p>\n<p><!--more--> <\/p>\n<p>La manifestazione di oggi \u00e8 iniziata dopo la preghiera di mezzogiorno con una marcia pacifica di circa 60 palestinesi, israeliani, manifestanti e\u00a0 internazionali legati a informazioni sui media. I manifestanti hanno marciato dalla moschea del villaggio verso il confine dell&#8217;insediamento illegale di Beitar Illit. Mentre molti dei manifestanti cantavano canzoni di protesta, sventolavano bandiere palestinesi e tenevano cartelli, un altro gruppo di manifestanti ha scavato buche nel terreno per piantare alberelli di ulivo mentre i soldati con forza cercavano di impedire loro di farlo.<\/p>\n<p><a href=\"http:\/\/reteitalianaism.it\/public_html\/wp-content\/uploads\/2014\/09\/wpid-copyimage-1115714720467_84_29.bmp\"><img decoding=\"async\" title=\"copyImage-1115714720467_84_29.bmp\" class=\"alignnone size-full\" alt=\"image\" src=\"http:\/\/reteitalianaism.it\/public_html\/wp-content\/uploads\/2014\/09\/wpid-copyimage-1115714720467_84_29.bmp\" \/><\/a><\/p>\n<p><a href=\"http:\/\/reteitalianaism.it\/public_html\/wp-content\/uploads\/2014\/09\/wpid-copyimage-11041452884612_863_529.bmp\"><img decoding=\"async\" title=\"copyImage-11041452884612_863_529.bmp\" class=\"alignnone size-full\" alt=\"image\" src=\"http:\/\/reteitalianaism.it\/public_html\/wp-content\/uploads\/2014\/09\/wpid-copyimage-11041452884612_863_529.bmp\" \/><\/a><\/p>\n<p>Le forze israeliane hanno iniziato a diventare molto aggressive quando hanno cominciato i manifestanti\u00a0 a gridare che dichiaravano l&#8217;area zona militare chiusa e minacciavano di usare la violenza contro i manifestanti disarmati se non obbedivano. Hanno cominciato a spingere alcuni uomini palestinesi che avevano cartelli. Senza preavviso, le forze israeliane hanno lanciato 4 granate stordenti direttamente in mezzo alla folla, seguite da\u00a0 altre 4 granate stordenti.<\/p>\n<p><a href=\"http:\/\/reteitalianaism.it\/public_html\/wp-content\/uploads\/2014\/09\/wpid-copyimage-11087875764624_314_115.bmp\"><img decoding=\"async\" title=\"copyImage-11087875764624_314_115.bmp\" class=\"alignnone size-full\" alt=\"image\" src=\"http:\/\/reteitalianaism.it\/public_html\/wp-content\/uploads\/2014\/09\/wpid-copyimage-11087875764624_314_115.bmp\" \/><\/a><\/p>\n<p><a href=\"http:\/\/reteitalianaism.it\/public_html\/wp-content\/uploads\/2014\/09\/wpid-copyimage-11096963284627_820_179.bmp\"><img decoding=\"async\" title=\"copyImage-11096963284627_820_179.bmp\" class=\"alignnone size-full\" alt=\"image\" src=\"http:\/\/reteitalianaism.it\/public_html\/wp-content\/uploads\/2014\/09\/wpid-copyimage-11096963284627_820_179.bmp\" \/><\/a><\/p>\n<p>Dopo che la folla si \u00e8 dispersa, le forze israeliane hanno sparato diversi colpi di gas lacrimogeni contro i manifestanti. Un uomo \u00e8 stato colpito direttamente nella schiena da un candelotto lacrimogeno. Due manifestanti hanno sofferto di eccessiva inalazione di gas lacrimogeni ehanno avuto bisogno di assistenza medica.<\/p>\n<p><a href=\"http:\/\/reteitalianaism.it\/public_html\/wp-content\/uploads\/2014\/09\/wpid-copyimage-11040577444616_683_661.bmp\"><img decoding=\"async\" title=\"copyImage-11040577444616_683_661.bmp\" class=\"alignnone size-full\" alt=\"image\" src=\"http:\/\/reteitalianaism.it\/public_html\/wp-content\/uploads\/2014\/09\/wpid-copyimage-11040577444616_683_661.bmp\" \/><\/a><\/p>\n<p><a href=\"http:\/\/reteitalianaism.it\/public_html\/wp-content\/uploads\/2014\/09\/wpid-copyimage-11090843204620_378_18.bmp\"><img decoding=\"async\" title=\"copyImage-11090843204620_378_18.bmp\" class=\"alignnone size-full\" alt=\"image\" src=\"http:\/\/reteitalianaism.it\/public_html\/wp-content\/uploads\/2014\/09\/wpid-copyimage-11090843204620_378_18.bmp\" \/><\/a><\/p>\n<p>Dopo qualche minuto, le forze israeliane hanno sparato altro 6 lacrimogeni a lungo raggio\u00a0 nell&#8217;aria. Poco dopo hanno iniziato a lanciare pi\u00f9 granate assordanti e a sparare proiettili di acciaio ricoperti di gomma direttamente a un gruppo di giovani ragazzi che gettavano piccole pietre. Un\u00a0 ragazzo di 15 anni \u00e8 stato colpito a un piede da una granata stordente. Due ragazzi sono stati colpiti da proiettili di acciaio ricoperti di gomma su una mano, un terzo ragazzo \u00e8 stato colpito da un proiettile di acciaio rivestito di gomma sul suo braccio, ed un quarto ragazzo \u00e8 stato colpito da un proiettile di acciaio rivestito di gomma al suo fianco. Tutti quelli con lesioni hanno avuti bisogno di cure mediche.<br \/>\n <iframe width='425' height='344' src='\/\/www.youtube.com\/embed\/IgLhg_1WJjU?autoplay=&loop=0&rel=0' frameborder='0' allowfullscreen><\/iframe><\/p>\n","protected":false},"excerpt":{"rendered":"<p>http:\/\/palsolidarity.org\/2014\/09\/video-israeli-forces-use-violence-against-unarmed-demonstrators-in-wadi-foukeen\/ 26 Settembre\u00a02014 | International Solidarity Movement, Khalil team | Wadi Foukeen, Occupied Palestine Wadi Foukeen \u00e8 un villaggio palestinese a ovest di Betlemme, con una popolazione di circa 1.250 persone. Una\u00a0 manifestazione settimanale del venerd\u00ec \u00e8 stata organizzata dalla &hellip; <a href=\"https:\/\/reteitalianaism.it\/reteism\/index.php\/2014\/09\/26\/video-le-forze-israeliane-usano-la-violenza-contro-manifestanti-disarmati-che-tentano-di-piantare-ulivi-a-wadi-foukeen\/\">Continue reading <span class=\"meta-nav\">&rarr;<\/span><\/a><\/p>\n","protected":false},"author":2,"featured_media":0,"comment_status":"open","ping_status":"open","sticky":false,"template":"","format":"standard","meta":{"footnotes":""},"categories":[3],"tags":[34],"class_list":["post-5961","post","type-post","status-publish","format-standard","hentry","category-info","tag-nablus"],"_links":{"self":[{"href":"https:\/\/reteitalianaism.it\/reteism\/index.php\/wp-json\/wp\/v2\/posts\/5961","targetHints":{"allow":["GET"]}}],"collection":[{"href":"https:\/\/reteitalianaism.it\/reteism\/index.php\/wp-json\/wp\/v2\/posts"}],"about":[{"href":"https:\/\/reteitalianaism.it\/reteism\/index.php\/wp-json\/wp\/v2\/types\/post"}],"author":[{"embeddable":true,"href":"https:\/\/reteitalianaism.it\/reteism\/index.php\/wp-json\/wp\/v2\/users\/2"}],"replies":[{"embeddable":true,"href":"https:\/\/reteitalianaism.it\/reteism\/index.php\/wp-json\/wp\/v2\/comments?post=5961"}],"version-history":[{"count":1,"href":"https:\/\/reteitalianaism.it\/reteism\/index.php\/wp-json\/wp\/v2\/posts\/5961\/revisions"}],"predecessor-version":[{"id":5962,"href":"https:\/\/reteitalianaism.it\/reteism\/index.php\/wp-json\/wp\/v2\/posts\/5961\/revisions\/5962"}],"wp:attachment":[{"href":"https:\/\/reteitalianaism.it\/reteism\/index.php\/wp-json\/wp\/v2\/media?parent=5961"}],"wp:term":[{"taxonomy":"category","embeddable":true,"href":"https:\/\/reteitalianaism.it\/reteism\/index.php\/wp-json\/wp\/v2\/categories?post=5961"},{"taxonomy":"post_tag","embeddable":true,"href":"https:\/\/reteitalianaism.it\/reteism\/index.php\/wp-json\/wp\/v2\/tags?post=5961"}],"curies":[{"name":"wp","href":"https:\/\/api.w.org\/{rel}","templated":true}]}}