{"id":6066,"date":"2014-10-21T19:57:17","date_gmt":"2014-10-21T17:57:17","guid":{"rendered":"http:\/\/reteitalianaism.it\/public_html\/?p=6066"},"modified":"2014-10-28T21:43:06","modified_gmt":"2014-10-28T20:43:06","slug":"il-difensore-dei-diritti-umani-abdallah-abu-rahma-riconosciuto-colpevole-dal-tribunale-militare","status":"publish","type":"post","link":"https:\/\/reteitalianaism.it\/reteism\/index.php\/2014\/10\/21\/il-difensore-dei-diritti-umani-abdallah-abu-rahma-riconosciuto-colpevole-dal-tribunale-militare\/","title":{"rendered":"Il difensore dei diritti umani Abdallah Abu Rahma riconosciuto colpevole dal tribunale militare"},"content":{"rendered":"<p><a href=\"http:\/\/palsolidarity.org\/2014\/10\/human-rights-defender-abdallah-abu-rahma-receives-guilty-verdict-from-military-court\/\">http:\/\/palsolidarity.org\/2014\/10\/human-rights-defender-abdallah-abu-rahma-receives-guilty-verdict-from-military-court\/<\/a><br \/>\n21 ottobre 2014 | International Solidarity Movement | Bil&#8217;in, Palestina occupata<\/p>\n<p>Il 21 ottobre, Abdallah Abu Rahma, difensore dei diritti umani, \u00e8 stato riconosciuto colpevole da un tribunale militare israeliano per avere &#8220;disturbato un soldato&#8221;.<\/p>\n<p>&#8220;Dimostrare contro l&#8217;occupazione non pu\u00f2 essere un reato penale. Trovare Abdallah solo colpevole dimostra che la forza [israeliana] militare \u00e8 uno strumento per perpetuare l&#8217;occupazione. &#8220;, Ha dichiarato Gabi Lasky, l&#8217;avvocato di Abdallah Abu Rahma, al Movimento di Solidariet\u00e0 Internazionale (ISM).<\/p>\n<p><img loading=\"lazy\" decoding=\"async\" src=\"http:\/\/cdn.palsolidarity.org\/wp-content\/uploads\/2014\/10\/Abdallah-Abu-Rahmah-copy.jpg\" width=\"600\" height=\"400\" class=\"alignleft\" \/><\/p>\n<p>Abdallah ha parlato con l&#8217;ISM della&nbsp; sua recente condanna. &#8220;Ieri il tribunale militare ha stabilito che io ero colpevole, mostrando ancora una volta che prendono posizione&nbsp; per l&#8217;occupazione, e non per la verit\u00e0 e la giustizia.<!--more--><\/p>\n<p>Sono stato arrestato il 13 maggio 2012 davanti al carcere militare di Ofer ad una manifestazione per commemorare la Nakba e in solidariet\u00e0 con i prigionieri, molti dei quali erano in sciopero della fame. Sono stato imprigionato in Ofer per 16 mesi un anno prima, per il mio ruolo nelle manifestazioni non violente nel mio villaggio, Bil&#8217;in, contro il muro dell&#8217;Apartheid e le colonie costruite sulla nostra terra.<\/p>\n<p>Questa volta, quando sono stato arrestato sono stato trattenuto per alcune ore e rilasciato su cauzione, non sono stato convocato in tribunale fino all&#8217;inizio del 2013, dopo il successo dei comitati popolari nella costruzione dei villaggi palestinesi Bab Al Shams e Bab Al Manatir. &#8221;<\/p>\n<p>Abdallah Abu Rahma \u00e8 il coordinatore del comitato popolare di Bil&#8217;in, che ha iniziato le manifestazioni popolari contro il muro dell&#8217;Apartheid e gli insediamenti nel gennaio 2005. Il percorso del muro dell&#8217;Apartheid inizialmente aveva previsto di separare dal villaggio il 50% della superficie agricola. Come risultato della continua lotta popolare del villaggio, il percorso \u00e8 stato modificato e il 25% della terra del villaggio \u00e8 stato effettivamente annessa dal muro per l&#8217;insediamento illegale di Modiin Elite.<\/p>\n<p>Centinaia di manifestanti sono stati arrestati e feriti dalle forze israeliane a Bil&#8217;in da quando la lotta popolare nel villaggio \u00e8 iniziata. Nel 2009 durante una manifestazione, Bassam Abu Rahma \u00e8 stato colpito direttamente al petto con un proiettile di gas lacrimogeno ad alta velocit\u00e0, ed \u00e8 morto per le ferite pochi minuti pi\u00f9 tardi. Il 1\u00b0gennaio 2011, Jawaher Abu Rahma \u00e8 morto di avvelenamento dopo inalazione di quantit\u00e0 eccessive di gas lacrimogeni durante la manifestazione settimanale del giorno precedente.<\/p>\n","protected":false},"excerpt":{"rendered":"<p>http:\/\/palsolidarity.org\/2014\/10\/human-rights-defender-abdallah-abu-rahma-receives-guilty-verdict-from-military-court\/ 21 ottobre 2014 | International Solidarity Movement | Bil&#8217;in, Palestina occupata Il 21 ottobre, Abdallah Abu Rahma, difensore dei diritti umani, \u00e8 stato riconosciuto colpevole da un tribunale militare israeliano per avere &#8220;disturbato un soldato&#8221;. &#8220;Dimostrare contro l&#8217;occupazione non &hellip; <a href=\"https:\/\/reteitalianaism.it\/reteism\/index.php\/2014\/10\/21\/il-difensore-dei-diritti-umani-abdallah-abu-rahma-riconosciuto-colpevole-dal-tribunale-militare\/\">Continue reading <span class=\"meta-nav\">&rarr;<\/span><\/a><\/p>\n","protected":false},"author":2,"featured_media":0,"comment_status":"open","ping_status":"open","sticky":false,"template":"","format":"standard","meta":{"footnotes":""},"categories":[68],"tags":[65,23],"class_list":["post-6066","post","type-post","status-publish","format-standard","hentry","category-opinioni","tag-bilin","tag-diritti-umani"],"_links":{"self":[{"href":"https:\/\/reteitalianaism.it\/reteism\/index.php\/wp-json\/wp\/v2\/posts\/6066","targetHints":{"allow":["GET"]}}],"collection":[{"href":"https:\/\/reteitalianaism.it\/reteism\/index.php\/wp-json\/wp\/v2\/posts"}],"about":[{"href":"https:\/\/reteitalianaism.it\/reteism\/index.php\/wp-json\/wp\/v2\/types\/post"}],"author":[{"embeddable":true,"href":"https:\/\/reteitalianaism.it\/reteism\/index.php\/wp-json\/wp\/v2\/users\/2"}],"replies":[{"embeddable":true,"href":"https:\/\/reteitalianaism.it\/reteism\/index.php\/wp-json\/wp\/v2\/comments?post=6066"}],"version-history":[{"count":3,"href":"https:\/\/reteitalianaism.it\/reteism\/index.php\/wp-json\/wp\/v2\/posts\/6066\/revisions"}],"predecessor-version":[{"id":6071,"href":"https:\/\/reteitalianaism.it\/reteism\/index.php\/wp-json\/wp\/v2\/posts\/6066\/revisions\/6071"}],"wp:attachment":[{"href":"https:\/\/reteitalianaism.it\/reteism\/index.php\/wp-json\/wp\/v2\/media?parent=6066"}],"wp:term":[{"taxonomy":"category","embeddable":true,"href":"https:\/\/reteitalianaism.it\/reteism\/index.php\/wp-json\/wp\/v2\/categories?post=6066"},{"taxonomy":"post_tag","embeddable":true,"href":"https:\/\/reteitalianaism.it\/reteism\/index.php\/wp-json\/wp\/v2\/tags?post=6066"}],"curies":[{"name":"wp","href":"https:\/\/api.w.org\/{rel}","templated":true}]}}