{"id":6118,"date":"2014-11-06T23:48:38","date_gmt":"2014-11-06T22:48:38","guid":{"rendered":"http:\/\/reteitalianaism.it\/public_html\/?p=6118"},"modified":"2014-11-24T22:10:57","modified_gmt":"2014-11-24T21:10:57","slug":"video-14enne-violentemente-arrestato-a-hebron","status":"publish","type":"post","link":"https:\/\/reteitalianaism.it\/reteism\/index.php\/2014\/11\/06\/video-14enne-violentemente-arrestato-a-hebron\/","title":{"rendered":"VIDEO: 14enne violentemente arrestato a Hebron"},"content":{"rendered":"<p><a href=\"http:\/\/ http:\/\/palsolidarity.org\/2014\/11\/video-14-year-old-violently-arrested-in-hebron\/\">http:\/\/palsolidarity.org\/2014\/11\/video-14-year-old-violently-arrested-in-hebron\/<\/a><br \/>\n6 NOVEMBRE 2014 | International Solidarity Movement, Khalil Team | Hebron, Palestina occupata<\/p>\n<p>Il 30 ottobre, un ragazzo di 14 anni \u00e8 stato arrestato con violenza dalle forze israeliane ad al-Khalil (Hebron).<\/p>\n<p><a href=\"http:\/\/reteitalianaism.it\/public_html\/wp-content\/uploads\/2014\/11\/wpid-copyimage-1114521984536_306_72.bmp\"><img decoding=\"async\" title=\"copyImage-1114521984536_306_72.bmp\" class=\"alignnone size-full\"  alt=\"image\" src=\"http:\/\/reteitalianaism.it\/public_html\/wp-content\/uploads\/2014\/11\/wpid-copyimage-1114521984536_306_72.bmp\" \/><\/a><\/p>\n<p>A causa di uno sciopero degli insegnanti in solidariet\u00e0 con i lavoratori pubblici sottopagati, la scuola a Hebron \u00e8 terminata alle 10:00 del mattino. Molti ragazzi hanno lanciato pietre verso i militari, al posto di blocco Salaymeh e poi i soldati hanno sparato tre candelotti di gas lacrimogeni.<!--more--> <\/p>\n<p>I bambini hanno lanciato pi\u00f9 pietre, e i soldati hanno sparato una decina di granate di gas lacrimogeni e anche\u00a0 pi\u00f9 in diversi momenti. Ci\u00f2 \u00e8 continuato fino alle 11:00, quando un veicolo dell&#8217; esercito \u00e8 stato fatto risalire da una strada laterale ad alta velocit\u00e0. Tre soldati saltavano fuori da uno degli edifici scolastici, prima di correre in un cortile della scuola e l\u00ec hanno arrestato il ragazzo di 14 anni.<\/p>\n<iframe width='425' height='344' src='\/\/www.youtube.com\/embed\/jZZnBYN3Wu0?autoplay=&loop=0&rel=0' frameborder='0' allowfullscreen><\/iframe>\n","protected":false},"excerpt":{"rendered":"<p>http:\/\/palsolidarity.org\/2014\/11\/video-14-year-old-violently-arrested-in-hebron\/ 6 NOVEMBRE 2014 | International Solidarity Movement, Khalil Team | Hebron, Palestina occupata Il 30 ottobre, un ragazzo di 14 anni \u00e8 stato arrestato con violenza dalle forze israeliane ad al-Khalil (Hebron). A causa di uno sciopero degli insegnanti &hellip; <a href=\"https:\/\/reteitalianaism.it\/reteism\/index.php\/2014\/11\/06\/video-14enne-violentemente-arrestato-a-hebron\/\">Continue reading <span class=\"meta-nav\">&rarr;<\/span><\/a><\/p>\n","protected":false},"author":2,"featured_media":0,"comment_status":"open","ping_status":"open","sticky":false,"template":"","format":"standard","meta":{"footnotes":""},"categories":[3],"tags":[8,51],"class_list":["post-6118","post","type-post","status-publish","format-standard","hentry","category-info","tag-al-khalil","tag-violenza-sui-minori"],"_links":{"self":[{"href":"https:\/\/reteitalianaism.it\/reteism\/index.php\/wp-json\/wp\/v2\/posts\/6118","targetHints":{"allow":["GET"]}}],"collection":[{"href":"https:\/\/reteitalianaism.it\/reteism\/index.php\/wp-json\/wp\/v2\/posts"}],"about":[{"href":"https:\/\/reteitalianaism.it\/reteism\/index.php\/wp-json\/wp\/v2\/types\/post"}],"author":[{"embeddable":true,"href":"https:\/\/reteitalianaism.it\/reteism\/index.php\/wp-json\/wp\/v2\/users\/2"}],"replies":[{"embeddable":true,"href":"https:\/\/reteitalianaism.it\/reteism\/index.php\/wp-json\/wp\/v2\/comments?post=6118"}],"version-history":[{"count":1,"href":"https:\/\/reteitalianaism.it\/reteism\/index.php\/wp-json\/wp\/v2\/posts\/6118\/revisions"}],"predecessor-version":[{"id":6119,"href":"https:\/\/reteitalianaism.it\/reteism\/index.php\/wp-json\/wp\/v2\/posts\/6118\/revisions\/6119"}],"wp:attachment":[{"href":"https:\/\/reteitalianaism.it\/reteism\/index.php\/wp-json\/wp\/v2\/media?parent=6118"}],"wp:term":[{"taxonomy":"category","embeddable":true,"href":"https:\/\/reteitalianaism.it\/reteism\/index.php\/wp-json\/wp\/v2\/categories?post=6118"},{"taxonomy":"post_tag","embeddable":true,"href":"https:\/\/reteitalianaism.it\/reteism\/index.php\/wp-json\/wp\/v2\/tags?post=6118"}],"curies":[{"name":"wp","href":"https:\/\/api.w.org\/{rel}","templated":true}]}}