{"id":6384,"date":"2015-01-23T19:28:25","date_gmt":"2015-01-23T18:28:25","guid":{"rendered":"http:\/\/reteitalianaism.it\/public_html\/?p=6384"},"modified":"2015-01-23T19:35:24","modified_gmt":"2015-01-23T18:35:24","slug":"rilasciato-dopo-piu-di-10-anni-in-una-prigione-israeliana","status":"publish","type":"post","link":"https:\/\/reteitalianaism.it\/reteism\/index.php\/2015\/01\/23\/rilasciato-dopo-piu-di-10-anni-in-una-prigione-israeliana\/","title":{"rendered":"Rilasciato dopo pi\u00f9 di 10 anni in una prigione israeliana"},"content":{"rendered":"<p><a href=\"http:\/\/palsolidarity.org\/2015\/01\/released-after-over-10-years-in-an-israeli-prison\/\">http:\/\/palsolidarity.org\/2015\/01\/released-after-over-10-years-in-an-israeli-prison\/<\/a><br \/>\n22 gennaio 2015 | International Solidarity Movement, Nablus Team | Awarta,\u00a0 Palestina Occupata<br \/>\nDue settimane dopo il suo rilascio dal carcere, alcuni attivisti dell&#8217;ISM hanno avuto l&#8217;opportunit\u00e0 di sedersi con Aiman \u200b\u200bAwwad e il suo amico, Samer Zaqah, nella loro citt\u00e0 natale di Awarta. Aiman \u200b\u200b\u00e8 stato arrestato nel giugno 2004, all&#8217;et\u00e0 di 20 anni, e rilasciato nel gennaio 2015, imprigionato per un totale di dieci anni e mezzo in pi\u00f9 prigioni militari israeliane. In precedenza \u00e8 stato arrestato all&#8217;et\u00e0 di 14, e colpito alla gamba da un soldato israeliano. Samer invece fu imprigionato per nove anni e mezzo.<\/p>\n<p><a href=\"http:\/\/reteitalianaism.it\/public_html\/wp-content\/uploads\/2015\/01\/wpid-img_2263715271054.jpeg\"><img decoding=\"async\" title=\"IMG_2263715271054.jpeg\" class=\"alignnone size-full\"  alt=\"image\" src=\"http:\/\/reteitalianaism.it\/public_html\/wp-content\/uploads\/2015\/01\/wpid-img_2263715271054.jpeg\" \/><\/a><\/p>\n<p>Durante la seconda intifada, la resistenza palestinese era forte, e pesantemente repressa dalle forze israeliane. Sia Aiman \u200b\u200bche Samer sono stati coinvolti in piccoli gruppi di resistenza; come Aiman \u200b\u200bdescritto, &#8220;non c&#8217;era nulla di grande &#8230; Volevo solo fare qualcosa per il mio paese, per mio \u200b\u200bpadre, inviare un messaggio a Israele di andarsene [dalla Cisgiordania].&#8217; Durante la nostra conversazione, \u00e8 diventato lentamente evidente che tutti gli altro nella stanza, tra cui il fratello di Aiman, un amico, e la madre, aveva anche passato tempo nelle carceri israeliane. La madre di Aiman \u200b\u200bsedeva in casa e lasciava cadere &#8216;alberi di lacrime&#8217; dai suoi occhi durante i dieci anni di reclusione del figlio.<!--more--><\/p>\n<p>Per i primi due anni della sua prigionia, Aiman \u200b\u200bnon ha avuto il permesso ad\u00a0 alcuna visita o a qualsiasi contatto con il mondo esterno. A sua madre \u00e8 stato poi permesso di essere il suo unico visitatore per la durata della pena; una visita che \u00e8 stata autorizzata solo una volta al mese. Nelle prigioni, piccole stanze in cui a volte sono alloggiati 8-10 uomini, con poco se non nessun riscaldamento durante i mesi freddi. In una occasione, una guardia carceraria ha spento l&#8217;acqua calda in una giornata fredda e piovosa. Dopo i tentativi falliti di convincere le autorit\u00e0 a riaccenderla, un prigioniero palestinese ha rotto una tazza su un soldato, e gli hanno sparato direttamente. L&#8217;assistenza medica nelle carceri \u00e8 stato descritto come molto limitata, e il numero dei malati era spesso elevato. In caso di malattia grave, i prigionieri non sono stati autorizzati a lasciare il carcere per ricevere cure mediche sufficienti.<\/p>\n<p>Nel descrivere le loro esperienze in prigione, i due uomini hanno raccontato i problemi con i soldati e il potere arbitrario datogli. Essi descrivono anche la solidariet\u00e0 tra i detenuti. Aiman \u200b\u200b\u00e8 stato in uno sciopero della fame per tre volte, mentre era in carcere. In una occasione, ha rifiutato il cibo per un mese, nel tentativo di protestare in solidariet\u00e0 contro la detenzione di un amico in confinamento. La maggior parte delle persone si associano con un partito politico palestinese in carcere, per il materiale e ik sostegno emotivo. All&#8217;esterno delle tante prigioni israeliane, questi partiti raramente sembrano essere d&#8217;accordo, ma entro i confini delle mura militari, sembra che tutti vanno d&#8217;accordo.<\/p>\n<p>Israele \u00e8 noto per il suo uso della detenzione amministrativa, una politica tramandata dal periodo del Mandato Britannico. Nell&#8217;ambito di questa politica, lo Stato \u00e8 in grado di detenere e imprigionare le persone senza accusa n\u00e9 processo, spesso per periodi indefiniti. Una volta che qualcuno raggiunge la scadenza della detenzione amministrativa, non \u00e8 raro per loro essere nuovamente arrestati poco dopo. Dal 1 \u00b0 ottobre 2014, ci sono stati 6.500 prigionieri politici palestinesi nelle carceri israeliane. Tra questi, 500 sono stati arrestati in detenzione amministrativa, e 182 erano minorenni. Aiman \u200b\u200bha descritto la sua giornata in tribunale &#8216;come un quadro,&#8217; la sensazione che il suo destino era gi\u00e0 stato deciso prima di affrontare il processo. Gli uomini hanno descritto la paura di parlare o agire contro lo Stato di Israele, citando la vasta sorveglianza della intelligence israeliana e come questo viene utilizzato per controllare il comportamento delle persone. Vivere sotto occupazione israeliana ha definitivamente preso il suo pedaggio; gli uomini lo descrivono come &#8216;vivere senza che possiamo respirare. Le mani di Israele ci strizzano al collo &#8216;.<\/p>\n<p>Quando \u00e8 stato chiesto quale pensano sia\u00a0 la logica dietro la massiccia detenzione israeliana dei palestinesi, gli uomini parlano della pressione e della punizione che Israele spera di esercitare sul palestinesi. Israele richiama paura e cerca di ottenere il controllo sulla Palestina. Ma per Aiman, questo non ha funzionato; &#8216;Questo \u00e8 il mio paese. Io amo il mio paese. La nostra terra \u00e8 come l&#8217;anima. Essa non pu\u00f2 essere presa, o schiacciata. Non dopo 10 anni, non dopo 20 &#8216;<\/p>\n<p>Dopo il suo rilascio, c&#8217;\u00e8 stata una parata celebrativa in tutto il paese di Awarta, come ormai consuetudine in tutta la Palestina occupata. Descrivendo i suoi sentimenti al suo ritorno a casa, Aiman \u200b\u200bha detto che era diviso in due; lui era molto felice di essere ancora una volta con la sua famiglia, ma si sentiva molto male a lasciarsi alle spalle i suoi migliori amici in carcere. Prima del suo arresto, non c&#8217;erano insediamenti sulle colline circostanti Awarta, e il muro di annessione era solo all&#8217;inizio della costruzione. Non c&#8217;era facebook o smart phones, e Aiman \u200b\u200b\u00e8 ancora indietro sul cellulare con\u00a0 solo una capacit\u00e0 di base per\u00a0 chiamare e mandare SMS . I suoi cugini erano bambini prima del suo arresto, e lui \u00e8 venuto a casa per trovarli adulti. Vuole viaggiare, ma Israele nega l&#8217;espatrio agli ex prigionieri politici.<\/p>\n<p>La nostra conversazione \u00e8 pieno di gratitudine per via\u00a0 della gentilezza e l&#8217;ospitalit\u00e0 della cultura palestinese. Le persone si prendono cura gli uni degli altri, e hanno rispetto per tutti, ma Israele \u00e8 determinato a minare questo dividendo le famiglie e imprigionando giovani (e meno giovani) per gran parte del loro anni di formazione, e in alcuni casi per la loro intera vita.<\/p>\n<p>Quando \u00e8 stato chiesto che cosa vogliono fare ora, Samer e Aiman \u200b\u200bdifferenziano le loro risposte. Samer spiega, &#8216;voglio solo costruire la mia vita. Voglio solo essere libero. Noi non abbiamo un problema con gli ebrei, proprio con l&#8217;occupazione. Non vogliamo lottare con le armi. Abbiamo bisogno dell&#8217;aiuto di altri paesi per fare pressione su Israele. &#8216;Aiman \u200b\u200bvuole andare all&#8217;universit\u00e0, e studiare. Lui \u00e8 determinato, tuttavia, di non rinunciare alla Palestina. &#8216;Il soldato pensa che ci pu\u00f2 uccidere, e gli daremo la terra. Ma dobbiamo continuare per noi. Abbiamo un messaggio: dobbiamo essere insieme, le parti devono stare insieme e forti perch\u00e9 la Palestina sia libera &#8216;Alla domanda se le sue idee sono cambiate sulla lotta palestinese e la resistenza, lui \u00e8 irremovibile: Israele non lo piegher\u00e0.<\/p>\n","protected":false},"excerpt":{"rendered":"<p>http:\/\/palsolidarity.org\/2015\/01\/released-after-over-10-years-in-an-israeli-prison\/ 22 gennaio 2015 | International Solidarity Movement, Nablus Team | Awarta,\u00a0 Palestina Occupata Due settimane dopo il suo rilascio dal carcere, alcuni attivisti dell&#8217;ISM hanno avuto l&#8217;opportunit\u00e0 di sedersi con Aiman \u200b\u200bAwwad e il suo amico, Samer Zaqah, nella &hellip; <a href=\"https:\/\/reteitalianaism.it\/reteism\/index.php\/2015\/01\/23\/rilasciato-dopo-piu-di-10-anni-in-una-prigione-israeliana\/\">Continue reading <span class=\"meta-nav\">&rarr;<\/span><\/a><\/p>\n","protected":false},"author":2,"featured_media":0,"comment_status":"open","ping_status":"open","sticky":false,"template":"","format":"standard","meta":{"footnotes":""},"categories":[3,67],"tags":[89,34],"class_list":["post-6384","post","type-post","status-publish","format-standard","hentry","category-info","category-prigionieri","tag-awarta","tag-nablus"],"_links":{"self":[{"href":"https:\/\/reteitalianaism.it\/reteism\/index.php\/wp-json\/wp\/v2\/posts\/6384","targetHints":{"allow":["GET"]}}],"collection":[{"href":"https:\/\/reteitalianaism.it\/reteism\/index.php\/wp-json\/wp\/v2\/posts"}],"about":[{"href":"https:\/\/reteitalianaism.it\/reteism\/index.php\/wp-json\/wp\/v2\/types\/post"}],"author":[{"embeddable":true,"href":"https:\/\/reteitalianaism.it\/reteism\/index.php\/wp-json\/wp\/v2\/users\/2"}],"replies":[{"embeddable":true,"href":"https:\/\/reteitalianaism.it\/reteism\/index.php\/wp-json\/wp\/v2\/comments?post=6384"}],"version-history":[{"count":1,"href":"https:\/\/reteitalianaism.it\/reteism\/index.php\/wp-json\/wp\/v2\/posts\/6384\/revisions"}],"predecessor-version":[{"id":6385,"href":"https:\/\/reteitalianaism.it\/reteism\/index.php\/wp-json\/wp\/v2\/posts\/6384\/revisions\/6385"}],"wp:attachment":[{"href":"https:\/\/reteitalianaism.it\/reteism\/index.php\/wp-json\/wp\/v2\/media?parent=6384"}],"wp:term":[{"taxonomy":"category","embeddable":true,"href":"https:\/\/reteitalianaism.it\/reteism\/index.php\/wp-json\/wp\/v2\/categories?post=6384"},{"taxonomy":"post_tag","embeddable":true,"href":"https:\/\/reteitalianaism.it\/reteism\/index.php\/wp-json\/wp\/v2\/tags?post=6384"}],"curies":[{"name":"wp","href":"https:\/\/api.w.org\/{rel}","templated":true}]}}