{"id":6417,"date":"2015-02-01T21:20:59","date_gmt":"2015-02-01T20:20:59","guid":{"rendered":"http:\/\/reteitalianaism.it\/public_html\/?p=6417"},"modified":"2015-02-03T22:06:48","modified_gmt":"2015-02-03T21:06:48","slug":"invito-ad-agire-aiuta-a-liberare-la-14enne-malak","status":"publish","type":"post","link":"https:\/\/reteitalianaism.it\/reteism\/index.php\/2015\/02\/01\/invito-ad-agire-aiuta-a-liberare-la-14enne-malak\/","title":{"rendered":"Invito ad agire: aiuta a liberare la 14enne Malak"},"content":{"rendered":"<p><a href=\"http:\/\/palsolidarity.org\/2015\/02\/action-alert-help-free-14-year-old-malak\/\">http:\/\/palsolidarity.org\/2015\/02\/action-alert-help-free-14-year-old-malak\/<\/a><br \/>\n1 feb 2015 | International Solidarity Movement, Ramallah Team | Palestina occupata<\/p>\n<p>Il 21 gennaio,&nbsp; Malak Khatib di 14 anni \u00e8 stata condannata dai tribunali militari israeliani a due mesi nelle carceri israeliane. Malak \u00e8 stata nel carcere di Hasharon per oltre un mese, mentre la sua famiglia continua a vivere l&#8217;insopportabile assenza che si sente nel loro piccolo appartamento nel villaggio cisgiordano di Beitin.<\/p>\n<p><a href=\"http:\/\/reteitalianaism.it\/public_html\/wp-content\/uploads\/2015\/02\/wpid-copyimage-11178753841638_776_422.bmp\"><img decoding=\"async\" title=\"copyImage-11178753841638_776_422.bmp\" class=\"alignnone size-full\"  alt=\"image\" src=\"http:\/\/reteitalianaism.it\/public_html\/wp-content\/uploads\/2015\/02\/wpid-copyimage-11178753841638_776_422.bmp\" \/><\/a><\/p>\n<p><!--more--><\/p>\n<p>Malak \u00e8 stata arrestata dalle forze israeliane una mattina sulla sua strada per la scuola. La sua prigionia viene&nbsp; basata su una testimonianza resa da soldati israeliani. Indipendentemente dalla sua giovane et\u00e0, \u00e8 stata interrogata senza rappresentanza legale o la presenza di un tutore legale. Oggi Malak continua a rimanere in carcere nelle prigioni israeliane. La corte ha inoltre condannato la famiglia per circa 1.500 dollari di multa. Se non vengono pagati il \u200b\u200bsuo rilascio potrebbe essere prorogato da parte del giudice.<\/p>\n<p>Malak Khatib, \u00e8 uno dei 700 bambini palestinesi arrestati e interrogati dalle forze israeliane ogni anno. A causa della incapacit\u00e0 della famiglia a coprire le spese della multa, stiamo cercando di raccogliere il denaro per avere Malak di ritorno a casa il pi\u00f9 presto possibile. Tanto pi\u00f9 ora che&nbsp; i prigionieri si lamentano della crescente durezza delle condizioni nelle carceri israeliane.<\/p>\n<p>Prima del suo arresto, a Malak piaceva giocare a calcio fuori della sua casa e pattinare.&nbsp; Andava a scuola ogni giorno e i suoi dolci preferiti sono costituiti da caramelle gommose. Lei \u00e8 la pi\u00f9 giovane di 8 figli e, nonostante la sua et\u00e0, ha continuato ad avere diritto a sedersi in braccio a sua madre. Ha trovato rifugio in questo. Contrariamente a ci\u00f2, Malak ora dorme in una cella di prigione con porte sbarrate blu e pareti di cemento grigio.<\/p>\n<p>Se la multa in denaro non viene pagata, Malak pu\u00f2 continuare a rimanere dentro le carceri israeliane. \u00c8 essenziale che facciamo i nostri sforzi al fine di raccogliere il denaro necessario per avere Malak di ritorno a casa tra le braccia della sua famiglia, dove la sua principale preoccupazione ancora una volta sia di svegliarsi per la scuola o litigare con i suoi fratelli.<\/p>\n<p>Per donare soldi, vai alla pagina ISM donazione. Nel motivo del versamento scrivere: &#8216;Donazione per Malak&#8217;.<\/p>\n","protected":false},"excerpt":{"rendered":"<p>http:\/\/palsolidarity.org\/2015\/02\/action-alert-help-free-14-year-old-malak\/ 1 feb 2015 | International Solidarity Movement, Ramallah Team | Palestina occupata Il 21 gennaio,&nbsp; Malak Khatib di 14 anni \u00e8 stata condannata dai tribunali militari israeliani a due mesi nelle carceri israeliane. Malak \u00e8 stata nel carcere di &hellip; <a href=\"https:\/\/reteitalianaism.it\/reteism\/index.php\/2015\/02\/01\/invito-ad-agire-aiuta-a-liberare-la-14enne-malak\/\">Continue reading <span class=\"meta-nav\">&rarr;<\/span><\/a><\/p>\n","protected":false},"author":2,"featured_media":0,"comment_status":"open","ping_status":"open","sticky":false,"template":"","format":"standard","meta":{"footnotes":""},"categories":[68,67],"tags":[51],"class_list":["post-6417","post","type-post","status-publish","format-standard","hentry","category-opinioni","category-prigionieri","tag-violenza-sui-minori"],"_links":{"self":[{"href":"https:\/\/reteitalianaism.it\/reteism\/index.php\/wp-json\/wp\/v2\/posts\/6417","targetHints":{"allow":["GET"]}}],"collection":[{"href":"https:\/\/reteitalianaism.it\/reteism\/index.php\/wp-json\/wp\/v2\/posts"}],"about":[{"href":"https:\/\/reteitalianaism.it\/reteism\/index.php\/wp-json\/wp\/v2\/types\/post"}],"author":[{"embeddable":true,"href":"https:\/\/reteitalianaism.it\/reteism\/index.php\/wp-json\/wp\/v2\/users\/2"}],"replies":[{"embeddable":true,"href":"https:\/\/reteitalianaism.it\/reteism\/index.php\/wp-json\/wp\/v2\/comments?post=6417"}],"version-history":[{"count":1,"href":"https:\/\/reteitalianaism.it\/reteism\/index.php\/wp-json\/wp\/v2\/posts\/6417\/revisions"}],"predecessor-version":[{"id":6418,"href":"https:\/\/reteitalianaism.it\/reteism\/index.php\/wp-json\/wp\/v2\/posts\/6417\/revisions\/6418"}],"wp:attachment":[{"href":"https:\/\/reteitalianaism.it\/reteism\/index.php\/wp-json\/wp\/v2\/media?parent=6417"}],"wp:term":[{"taxonomy":"category","embeddable":true,"href":"https:\/\/reteitalianaism.it\/reteism\/index.php\/wp-json\/wp\/v2\/categories?post=6417"},{"taxonomy":"post_tag","embeddable":true,"href":"https:\/\/reteitalianaism.it\/reteism\/index.php\/wp-json\/wp\/v2\/tags?post=6417"}],"curies":[{"name":"wp","href":"https:\/\/api.w.org\/{rel}","templated":true}]}}