{"id":6452,"date":"2015-02-10T19:57:06","date_gmt":"2015-02-10T18:57:06","guid":{"rendered":"http:\/\/reteitalianaism.it\/public_html\/?p=6452"},"modified":"2015-02-10T22:11:55","modified_gmt":"2015-02-10T21:11:55","slug":"le-forze-israeliane-demoliscono-una-casa-palestinese-a-lod","status":"publish","type":"post","link":"https:\/\/reteitalianaism.it\/reteism\/index.php\/2015\/02\/10\/le-forze-israeliane-demoliscono-una-casa-palestinese-a-lod\/","title":{"rendered":"Le forze israeliane demoliscono una casa palestinese a Lod"},"content":{"rendered":"<p><a href=\"http:\/\/www.maannews.com\/eng\/ViewDetails.aspx?ID=759362\">http:\/\/www.maannews.com\/eng\/ViewDetails.aspx?ID=759362<\/a><br \/>\nLOD, Israel (Ma&#8217;an) &#8211; Marted\u00ec le forze israeliane hanno demolito il&nbsp; la casa di una famiglia palestinese nella citt\u00e0 israeliana di Lod.<\/p>\n<p>Le forze israeliane hanno chiuso tutti gli ingressi alla propriet\u00e0 e forzatamente evacuato la famiglia al-Naqib, prima di demolire la casa.<\/p>\n<p>Centinaia di residenti palestinesi si sono riuniti per sostenere la famiglia, con personale di sicurezza israeliane presenti in quantit\u00e0 alla demolizione.<\/p>\n<p><a href=\"http:\/\/reteitalianaism.it\/public_html\/wp-content\/uploads\/2015\/02\/wpid-copyimage-11214303124924_527_64.bmp\"><img decoding=\"async\" title=\"copyImage-11214303124924_527_64.bmp\" class=\"alignnone size-full\"  alt=\"image\" src=\"http:\/\/reteitalianaism.it\/public_html\/wp-content\/uploads\/2015\/02\/wpid-copyimage-11214303124924_527_64.bmp\" \/><\/a><\/p>\n<p>La casa appartiene a Hana al-Naqib, dove vive con i suoi quattro figli.<\/p>\n<p>La famiglia al-Naqib ha ricevuto un ordine di demolizione per la casa alla fine del 2014, il quale&nbsp; afferma che la propriet\u00e0 non \u00e8 stato registrata presso il ministero israeliano appropriato.<!--more--><\/p>\n<p>Un avvocato per la famiglia, Qais Nasser, ha chiesto un urgente appello alla corte chiedendo che la demolizione venisse rinviata, ma \u00e8 stata respinta.<\/p>\n<p>Un membro della famiglia Nabil al-Naqib ha detto a Ma&#8217;an che la famiglia ha tutti i documenti necessari che &#8220;provano che la terra appartiene alla famiglia ed \u00e8 stata concessa la licenza per la costruzione.&#8221;<\/p>\n<p>&#8220;La famiglia stava progettando un sit-in di protesta&nbsp; davanti alla casa per protestare contro l&#8217;ordine di demolizione, ma una grande forza di polizia e bulldozer israeliani sono arrivati \u200b\u200be hanno demolito la casa&#8221;, ha aggiunto.<\/p>\n<p>Un altro membro della famiglia, Maha al-Naqib, ha detto che la terra appartiene alla famiglia dalla creazione dello stato di Israele nel 1948, e che il proprietario della casa non poteva impugnare la decisione del tribunale a causa di difficolt\u00e0 finanziarie.<\/p>\n<p>Prima del 1948, Lod, o Lydda come \u00e8 nota in arabo, era una citt\u00e0 mista di musulmani palestinesi e cristiani.<\/p>\n<p>Migliaia di palestinesi sono stati forzatamente sfollati dalla citt\u00e0 dalle forze israeliane durante la guerra del 1948, e decine sono stati uccisi.<\/p>\n<p>1,3 milioni di cittadini palestinesi di Israele, che costituiscono poco pi\u00f9 del 20 per cento della popolazione israeliana, sono i discendenti dei 160.000 palestinesi che sono riusciti a restare nella loro terra, quando lo Stato di Israele \u00e8 stato fondato nel 1948.<\/p>\n","protected":false},"excerpt":{"rendered":"<p>http:\/\/www.maannews.com\/eng\/ViewDetails.aspx?ID=759362 LOD, Israel (Ma&#8217;an) &#8211; Marted\u00ec le forze israeliane hanno demolito il&nbsp; la casa di una famiglia palestinese nella citt\u00e0 israeliana di Lod. Le forze israeliane hanno chiuso tutti gli ingressi alla propriet\u00e0 e forzatamente evacuato la famiglia al-Naqib, prima &hellip; <a href=\"https:\/\/reteitalianaism.it\/reteism\/index.php\/2015\/02\/10\/le-forze-israeliane-demoliscono-una-casa-palestinese-a-lod\/\">Continue reading <span class=\"meta-nav\">&rarr;<\/span><\/a><\/p>\n","protected":false},"author":2,"featured_media":0,"comment_status":"open","ping_status":"open","sticky":false,"template":"","format":"standard","meta":{"footnotes":""},"categories":[3],"tags":[41],"class_list":["post-6452","post","type-post","status-publish","format-standard","hentry","category-info","tag-pulizia-etnica"],"_links":{"self":[{"href":"https:\/\/reteitalianaism.it\/reteism\/index.php\/wp-json\/wp\/v2\/posts\/6452","targetHints":{"allow":["GET"]}}],"collection":[{"href":"https:\/\/reteitalianaism.it\/reteism\/index.php\/wp-json\/wp\/v2\/posts"}],"about":[{"href":"https:\/\/reteitalianaism.it\/reteism\/index.php\/wp-json\/wp\/v2\/types\/post"}],"author":[{"embeddable":true,"href":"https:\/\/reteitalianaism.it\/reteism\/index.php\/wp-json\/wp\/v2\/users\/2"}],"replies":[{"embeddable":true,"href":"https:\/\/reteitalianaism.it\/reteism\/index.php\/wp-json\/wp\/v2\/comments?post=6452"}],"version-history":[{"count":1,"href":"https:\/\/reteitalianaism.it\/reteism\/index.php\/wp-json\/wp\/v2\/posts\/6452\/revisions"}],"predecessor-version":[{"id":6453,"href":"https:\/\/reteitalianaism.it\/reteism\/index.php\/wp-json\/wp\/v2\/posts\/6452\/revisions\/6453"}],"wp:attachment":[{"href":"https:\/\/reteitalianaism.it\/reteism\/index.php\/wp-json\/wp\/v2\/media?parent=6452"}],"wp:term":[{"taxonomy":"category","embeddable":true,"href":"https:\/\/reteitalianaism.it\/reteism\/index.php\/wp-json\/wp\/v2\/categories?post=6452"},{"taxonomy":"post_tag","embeddable":true,"href":"https:\/\/reteitalianaism.it\/reteism\/index.php\/wp-json\/wp\/v2\/tags?post=6452"}],"curies":[{"name":"wp","href":"https:\/\/api.w.org\/{rel}","templated":true}]}}