{"id":6511,"date":"2015-02-24T22:02:00","date_gmt":"2015-02-24T21:02:00","guid":{"rendered":"http:\/\/reteitalianaism.it\/public_html\/?p=6511"},"modified":"2015-02-24T22:23:45","modified_gmt":"2015-02-24T21:23:45","slug":"un-bambino-detenuto-a-cui-sono-negate-le-visite-dei-familiari-e-anche-le-cure-mediche","status":"publish","type":"post","link":"https:\/\/reteitalianaism.it\/reteism\/index.php\/2015\/02\/24\/un-bambino-detenuto-a-cui-sono-negate-le-visite-dei-familiari-e-anche-le-cure-mediche\/","title":{"rendered":"Un bambino detenuto a cui sono negate le visite dei familiari, e anche le cure mediche"},"content":{"rendered":"<p><a href=\"http:\/\/www.imemc.org\/article\/70701\">http:\/\/www.imemc.org\/article\/70701<\/a><br \/>\nMarted\u00ec 24 febbraio 2015 13:00 da Saed Bannoura &#8211; IMEMC Notizie<\/p>\n<p>Il\u00a0 bambino detenuto , Khaled Husam Sheikh, di 15 anni, ha avuto negate le visite dei familiari, e cure mediche essenziali, dal momento del suo rapimento da parte dell&#8217;esercito israeliano 62 giorni fa, dopo che i soldati hanno dichiarato che aveva lanciato pietre contro i loro veicoli.<\/p>\n<div style=\"width: 358px\" class=\"wp-caption alignnone\"><a href=\"http:\/\/reteitalianaism.it\/public_html\/wp-content\/uploads\/2015\/02\/wpid-copyimage-1108690824027_450_380.bmp\"><img decoding=\"async\" title=\"copyImage-1108690824027_450_380.bmp\" class=\"alignnone size-full\"  alt=\"image\" src=\"http:\/\/reteitalianaism.it\/public_html\/wp-content\/uploads\/2015\/02\/wpid-copyimage-1108690824027_450_380.bmp\" \/><\/a><p class=\"wp-caption-text\">Khaled Sheikh<\/p><\/div>\n<p>Il Centro Ahrar per gli studi sui detenuti e per i diritti umani ha detto che il bambino soffre di anemia, e altri problemi di salute, aggiungendo che l&#8217;esercito non sta fornendo lui adeguate cure mediche, o specializzate finndal suo rapimento il 25 dicembre 2014.<!--more--><\/p>\n<p>La sua famiglia ha detto che non gli \u00e8 mai stato permesso di fargli visita, e ha presentato diverse istanze alla parte israeliana, ma l&#8217;esercito continua a negare il diritto di vederlo.<\/p>\n<p>La famiglia ha chiesto maggiore attivit\u00e0 di solidariet\u00e0 con tutti i palestinesi\u00a0 detenuti, soprattutto i bambini, e ha esortato i gruppi per i diritti umani a intervenire e sbloccare l&#8217;uscita del loro figlio.<\/p>\n<p>Ahrar Center ha detto che\u00a0 negare al bambino detenuto il diritto di assistenza medica, e le cure, \u00e8 una grave violazione di tutti gli accordi sui diritti umani, e il diritto internazionale.<\/p>\n<p>Sheikh, da Beit &#8216;Anan nella Gerusalemme occupata, \u00e8 stato rapito dai soldati vicino alla sua casa di famiglia, ed \u00e8 attualmente detenuto nella prigione israeliana Ofer, vicino alla citt\u00e0 cisgiordana di Ramallah.<\/p>\n<p>Mercoled\u00ec scorso, 11 febbraio, la sua famiglia ha avuto detto da un giudice, che l&#8217;esame del caso del loro bambino, \u00e8 stato programmato per il 25 febbraio.<\/p>\n<p>Il responsabile del Centro Ahrar, Fuad al-Khoffash, ha detto che Israele sta tenendo prigionieri circa 300 bambini, in condizioni molto difficili, e sta negando loro i diritti fondamentali.<\/p>\n<p>Al-Khoffash chiesto la liberazione di tutti i bambini detenuti, e ha avvertito che il silenzio internazionale per quanto riguarda le violazioni in corso e crescenti incoraggia Israele a proseguire le sue gravi violazioni di legge, tutti i trattati e le normative internazionali.<\/p>\n<p>Difficolt\u00e0 Bambino Detenuto in Deterioramento Condizione, negate le cure, Famiglia Visite<br \/>\nhttp:\/\/www.imemc.org\/article\/70556<\/p>\n","protected":false},"excerpt":{"rendered":"<p>http:\/\/www.imemc.org\/article\/70701 Marted\u00ec 24 febbraio 2015 13:00 da Saed Bannoura &#8211; IMEMC Notizie Il\u00a0 bambino detenuto , Khaled Husam Sheikh, di 15 anni, ha avuto negate le visite dei familiari, e cure mediche essenziali, dal momento del suo rapimento da parte &hellip; <a href=\"https:\/\/reteitalianaism.it\/reteism\/index.php\/2015\/02\/24\/un-bambino-detenuto-a-cui-sono-negate-le-visite-dei-familiari-e-anche-le-cure-mediche\/\">Continue reading <span class=\"meta-nav\">&rarr;<\/span><\/a><\/p>\n","protected":false},"author":2,"featured_media":0,"comment_status":"open","ping_status":"open","sticky":false,"template":"","format":"standard","meta":{"footnotes":""},"categories":[3,67],"tags":[51],"class_list":["post-6511","post","type-post","status-publish","format-standard","hentry","category-info","category-prigionieri","tag-violenza-sui-minori"],"_links":{"self":[{"href":"https:\/\/reteitalianaism.it\/reteism\/index.php\/wp-json\/wp\/v2\/posts\/6511","targetHints":{"allow":["GET"]}}],"collection":[{"href":"https:\/\/reteitalianaism.it\/reteism\/index.php\/wp-json\/wp\/v2\/posts"}],"about":[{"href":"https:\/\/reteitalianaism.it\/reteism\/index.php\/wp-json\/wp\/v2\/types\/post"}],"author":[{"embeddable":true,"href":"https:\/\/reteitalianaism.it\/reteism\/index.php\/wp-json\/wp\/v2\/users\/2"}],"replies":[{"embeddable":true,"href":"https:\/\/reteitalianaism.it\/reteism\/index.php\/wp-json\/wp\/v2\/comments?post=6511"}],"version-history":[{"count":1,"href":"https:\/\/reteitalianaism.it\/reteism\/index.php\/wp-json\/wp\/v2\/posts\/6511\/revisions"}],"predecessor-version":[{"id":6512,"href":"https:\/\/reteitalianaism.it\/reteism\/index.php\/wp-json\/wp\/v2\/posts\/6511\/revisions\/6512"}],"wp:attachment":[{"href":"https:\/\/reteitalianaism.it\/reteism\/index.php\/wp-json\/wp\/v2\/media?parent=6511"}],"wp:term":[{"taxonomy":"category","embeddable":true,"href":"https:\/\/reteitalianaism.it\/reteism\/index.php\/wp-json\/wp\/v2\/categories?post=6511"},{"taxonomy":"post_tag","embeddable":true,"href":"https:\/\/reteitalianaism.it\/reteism\/index.php\/wp-json\/wp\/v2\/tags?post=6511"}],"curies":[{"name":"wp","href":"https:\/\/api.w.org\/{rel}","templated":true}]}}