{"id":7277,"date":"2015-10-30T19:56:48","date_gmt":"2015-10-30T18:56:48","guid":{"rendered":"http:\/\/reteitalianaism.it\/reteism\/?p=7277"},"modified":"2015-10-30T19:56:48","modified_gmt":"2015-10-30T18:56:48","slug":"ai-palestinesi-di-hebron-viene-richiesto-di-registrarsi-in-preparazione-di-nuove-severe-restrizioni","status":"publish","type":"post","link":"https:\/\/reteitalianaism.it\/reteism\/index.php\/2015\/10\/30\/ai-palestinesi-di-hebron-viene-richiesto-di-registrarsi-in-preparazione-di-nuove-severe-restrizioni\/","title":{"rendered":"Ai palestinesi di Hebron viene richiesto di registrarsi in preparazione di nuove severe restrizioni"},"content":{"rendered":"<p><strong>30 ottobre 2015 | International Solidarity Movement, team al-Khalil | Hebron, Palestina occupata<\/strong><\/p>\n<p>I palestinesi vengono riuniti in strada per essere registrati nel quartiere Tel Rumeida a Hebron occupata. Viene segnalato che l&#8217;area sar\u00e0 chiusa&nbsp; completamente per le persone che non sono residenti nella zona o che non saranno registrate entro i prossimi giorni.<\/p>\n<p><a href=\"http:\/\/reteitalianaism.it\/reteism\/wp-content\/uploads\/2015\/10\/wpid-copyimage-11133667445231_298_189.bmp\"><img decoding=\"async\" title=\"copyImage-11133667445231_298_189.bmp\" class=\"alignnone size-full\"  alt=\"image\" src=\"http:\/\/reteitalianaism.it\/reteism\/wp-content\/uploads\/2015\/10\/wpid-copyimage-11133667445231_298_189.bmp\" \/><\/a><\/p>\n<p>&#8220;Per le persone che vivono nella zona, diventer\u00e0 come una prigione. Per le persone che vivono a Hebron, la chiusura di Tel Rumeida vorr\u00e0 dire che la citt\u00e0 sar\u00e0 diviso in due,&#8221;dicono gli attivisti locali residenti agli internazional<\/p>\n<p><a href=\"http:\/\/reteitalianaism.it\/reteism\/wp-content\/uploads\/2015\/10\/wpid-copyimage-11136947125237_399_339.bmp\"><img decoding=\"async\" title=\"copyImage-11136947125237_399_339.bmp\" class=\"alignnone size-full\"  alt=\"image\" src=\"http:\/\/reteitalianaism.it\/reteism\/wp-content\/uploads\/2015\/10\/wpid-copyimage-11136947125237_399_339.bmp\" \/><\/a><\/p>\n<p>i.<br \/>\n<!--more--><\/p>\n<p>I nomi e i numeri di ID delle persone che vivono nella zona vengono scritti da soldati su lunghe liste, e ci sono decine di palestinesi in piedi intorno al checkpoint di Gilbert in attesa di consegnare le loro informazioni o essere espulsi. Anche per i residenti a&nbsp; cui sar\u00e0 consentito rimanere in zona, questo significher\u00e0 una rigorosa restrizione del loro movimento. Ogni volta che i residenti palestinesi di Tel Rumeida e dell&#8217;area nei dintorni della Moschea di Abramo (fra i checkpoint 209 e 29) dovranno superare un check point per arrivare a casa loro, i soldati dovranno scorrere la lunga lista per la ricerca del<\/p>\n<p><a href=\"http:\/\/reteitalianaism.it\/reteism\/wp-content\/uploads\/2015\/10\/wpid-copyimage-11102561365242_351_5.bmp\"><img decoding=\"async\" title=\"copyImage-11102561365242_351_5.bmp\" class=\"alignnone size-full\"  alt=\"image\" src=\"http:\/\/reteitalianaism.it\/reteism\/wp-content\/uploads\/2015\/10\/wpid-copyimage-11102561365242_351_5.bmp\" \/><\/a><\/p>\n<p> nome.<\/p>\n<p>Non \u00e8 la prima volta che Israele ha imposto tali restrizioni sui residenti della zona. Nel 1994 dopo che l&#8217;estremista colono illegale&nbsp; Baruch Goldstein ha compiuto un massacro nella Moschea di Abramo, sono state adottate misure simili. A quel tempo, i palestinesi residenti avevano rifiutato la registrazione ed erano stati puniti con un coprifuoco di 24 ore per sei mesi e gli era consentito solo poche ore a settimana durante la quale i residenti potevano acquistare cibo.<\/p>\n<p>A causa dell&#8217;aumento della violenza da parte dell&#8217;esercito e dei coloni contro i palestinesi, questi non osano rifiutare la registrazione questa volta.<\/p>\n<p><a href=\"http:\/\/reteitalianaism.it\/reteism\/wp-content\/uploads\/2015\/10\/wpid-copyimage-11106729445246_627_1.bmp\"><img decoding=\"async\" title=\"copyImage-11106729445246_627_1.bmp\" class=\"alignnone size-full\"  alt=\"image\" src=\"http:\/\/reteitalianaism.it\/reteism\/wp-content\/uploads\/2015\/10\/wpid-copyimage-11106729445246_627_1.bmp\" \/><\/a><\/p>\n","protected":false},"excerpt":{"rendered":"<p>30 ottobre 2015 | International Solidarity Movement, team al-Khalil | Hebron, Palestina occupata I palestinesi vengono riuniti in strada per essere registrati nel quartiere Tel Rumeida a Hebron occupata. Viene segnalato che l&#8217;area sar\u00e0 chiusa&nbsp; completamente per le persone che &hellip; <a href=\"https:\/\/reteitalianaism.it\/reteism\/index.php\/2015\/10\/30\/ai-palestinesi-di-hebron-viene-richiesto-di-registrarsi-in-preparazione-di-nuove-severe-restrizioni\/\">Continue reading <span class=\"meta-nav\">&rarr;<\/span><\/a><\/p>\n","protected":false},"author":2,"featured_media":0,"comment_status":"open","ping_status":"open","sticky":false,"template":"","format":"standard","meta":{"footnotes":""},"categories":[1],"tags":[],"class_list":["post-7277","post","type-post","status-publish","format-standard","hentry","category-senza-categoria"],"_links":{"self":[{"href":"https:\/\/reteitalianaism.it\/reteism\/index.php\/wp-json\/wp\/v2\/posts\/7277","targetHints":{"allow":["GET"]}}],"collection":[{"href":"https:\/\/reteitalianaism.it\/reteism\/index.php\/wp-json\/wp\/v2\/posts"}],"about":[{"href":"https:\/\/reteitalianaism.it\/reteism\/index.php\/wp-json\/wp\/v2\/types\/post"}],"author":[{"embeddable":true,"href":"https:\/\/reteitalianaism.it\/reteism\/index.php\/wp-json\/wp\/v2\/users\/2"}],"replies":[{"embeddable":true,"href":"https:\/\/reteitalianaism.it\/reteism\/index.php\/wp-json\/wp\/v2\/comments?post=7277"}],"version-history":[{"count":1,"href":"https:\/\/reteitalianaism.it\/reteism\/index.php\/wp-json\/wp\/v2\/posts\/7277\/revisions"}],"predecessor-version":[{"id":7278,"href":"https:\/\/reteitalianaism.it\/reteism\/index.php\/wp-json\/wp\/v2\/posts\/7277\/revisions\/7278"}],"wp:attachment":[{"href":"https:\/\/reteitalianaism.it\/reteism\/index.php\/wp-json\/wp\/v2\/media?parent=7277"}],"wp:term":[{"taxonomy":"category","embeddable":true,"href":"https:\/\/reteitalianaism.it\/reteism\/index.php\/wp-json\/wp\/v2\/categories?post=7277"},{"taxonomy":"post_tag","embeddable":true,"href":"https:\/\/reteitalianaism.it\/reteism\/index.php\/wp-json\/wp\/v2\/tags?post=7277"}],"curies":[{"name":"wp","href":"https:\/\/api.w.org\/{rel}","templated":true}]}}