{"id":7318,"date":"2015-11-01T13:31:16","date_gmt":"2015-11-01T12:31:16","guid":{"rendered":"http:\/\/reteitalianaism.it\/reteism\/?p=7318"},"modified":"2015-11-03T10:49:38","modified_gmt":"2015-11-03T09:49:38","slug":"immagini-da-gaza-un-altro-venerdi-di-brutalita","status":"publish","type":"post","link":"https:\/\/reteitalianaism.it\/reteism\/index.php\/2015\/11\/01\/immagini-da-gaza-un-altro-venerdi-di-brutalita\/","title":{"rendered":"immagini da Gaza: un altro venerd\u00ec di brutalit\u00e0"},"content":{"rendered":"<p><strong>31 Ottobre 2015 | International Solidarity Movement, Gaza team | Gaza Strip, \u00a0Palestina occupata<\/strong><\/p>\n<div class=\"entry\">\n<p><em>Immagini degli scontri di venerd\u00ec 30 a<\/em><em>Nahel Oz (Shijaia), Occupied Gaza strip. Tutte le foto sono dovute a ISM, Gaza<\/em><\/p>\n<p style=\"text-align: justify;\">Alla fine degli scontri di ieri, il ministro della sanit\u00e0, dr. Qadra, ha annunciato che 46 persone erano state ferite, compreso gli infermieri. Le forze israeliane si sono scontrate con i Palestinesi &#8211; armati solo di sassi &#8211; usando lacrimogeni e munizioni da guerra. Un fotografo \u00e8 in condizioni critiche, colpito al petto e, contravvenendo ancora di pi\u00f9 le leggi internazionali, un&#8217;ambulanza \u00e8 stata colpita a Khan Younis, ferendo un infermiere.<\/p>\n<p style=\"text-align: justify;\">Scontri tra i giovani e le forze israeliane, si sono registrati in tutta la striscia, compreso\u00a0Bureij, Beit Hanoun e\u00a0Khan Younis. Dal 9 ottobre a Gaza 17 persone sono state uccise e 831 ferite, nell&#8217;escalation della violenza israeliana che colpisce i territori occupati.<\/p>\n<p><a href=\"http:\/\/palsolidarity.org\/wp-content\/uploads\/2015\/10\/IMG_8854.jpg\"><img loading=\"lazy\" decoding=\"async\" class=\"aligncenter size-large wp-image-43839\" src=\"http:\/\/palsolidarity.org\/wp-content\/uploads\/2015\/10\/IMG_8854-600x400.jpg\" alt=\"IMG_8854\" width=\"600\" height=\"400\" \/><\/a><\/p>\n<p><a href=\"http:\/\/palsolidarity.org\/wp-content\/uploads\/2015\/10\/IMG_8859.jpg\"><img loading=\"lazy\" decoding=\"async\" class=\"aligncenter size-large wp-image-43840\" src=\"http:\/\/palsolidarity.org\/wp-content\/uploads\/2015\/10\/IMG_8859-600x400.jpg\" alt=\"IMG_8859\" width=\"600\" height=\"400\" \/><\/a><\/p>\n<\/div>\n<p><!--more--><\/p>\n<div class=\"entry\">\n<p><a href=\"http:\/\/palsolidarity.org\/wp-content\/uploads\/2015\/10\/IMG_8864.jpg\"><img loading=\"lazy\" decoding=\"async\" class=\"aligncenter size-large wp-image-43841\" src=\"http:\/\/palsolidarity.org\/wp-content\/uploads\/2015\/10\/IMG_8864-600x400.jpg\" alt=\"IMG_8864\" width=\"600\" height=\"400\" \/><\/a><a href=\"http:\/\/palsolidarity.org\/wp-content\/uploads\/2015\/10\/IMG_8880.jpg\"><img loading=\"lazy\" decoding=\"async\" class=\"aligncenter size-large wp-image-43842\" src=\"http:\/\/palsolidarity.org\/wp-content\/uploads\/2015\/10\/IMG_8880-600x400.jpg\" alt=\"IMG_8880\" width=\"600\" height=\"400\" \/><\/a><a href=\"http:\/\/palsolidarity.org\/wp-content\/uploads\/2015\/10\/IMG_8885.jpg\"><img loading=\"lazy\" decoding=\"async\" class=\"aligncenter size-large wp-image-43843\" src=\"http:\/\/palsolidarity.org\/wp-content\/uploads\/2015\/10\/IMG_8885-600x400.jpg\" alt=\"IMG_8885\" width=\"600\" height=\"400\" \/><\/a><a href=\"http:\/\/palsolidarity.org\/wp-content\/uploads\/2015\/10\/IMG_8890.jpg\"><img loading=\"lazy\" decoding=\"async\" class=\"aligncenter size-large wp-image-43844\" src=\"http:\/\/palsolidarity.org\/wp-content\/uploads\/2015\/10\/IMG_8890-600x400.jpg\" alt=\"IMG_8890\" width=\"600\" height=\"400\" \/><\/a><a href=\"http:\/\/palsolidarity.org\/wp-content\/uploads\/2015\/10\/IMG_8893.jpg\"><img loading=\"lazy\" decoding=\"async\" class=\"aligncenter size-large wp-image-43845\" src=\"http:\/\/palsolidarity.org\/wp-content\/uploads\/2015\/10\/IMG_8893-600x400.jpg\" alt=\"IMG_8893\" width=\"600\" height=\"400\" \/><\/a><a href=\"http:\/\/palsolidarity.org\/wp-content\/uploads\/2015\/10\/IMG_8896.jpg\"><img loading=\"lazy\" decoding=\"async\" class=\"aligncenter size-large wp-image-43846\" src=\"http:\/\/palsolidarity.org\/wp-content\/uploads\/2015\/10\/IMG_8896-600x400.jpg\" alt=\"IMG_8896\" width=\"600\" height=\"400\" \/><\/a><a href=\"http:\/\/palsolidarity.org\/wp-content\/uploads\/2015\/10\/IMG_8916.jpg\"><img loading=\"lazy\" decoding=\"async\" class=\"aligncenter size-large wp-image-43847\" src=\"http:\/\/palsolidarity.org\/wp-content\/uploads\/2015\/10\/IMG_8916-600x400.jpg\" alt=\"IMG_8916\" width=\"600\" height=\"400\" \/><\/a><a href=\"http:\/\/palsolidarity.org\/wp-content\/uploads\/2015\/10\/IMG_8924.jpg\"><img loading=\"lazy\" decoding=\"async\" class=\"aligncenter size-large wp-image-43848\" src=\"http:\/\/palsolidarity.org\/wp-content\/uploads\/2015\/10\/IMG_8924-600x400.jpg\" alt=\"IMG_8924\" width=\"600\" height=\"400\" \/><\/a><a href=\"http:\/\/palsolidarity.org\/wp-content\/uploads\/2015\/10\/IMG_8931.jpg\"><img loading=\"lazy\" decoding=\"async\" class=\"aligncenter size-large wp-image-43849\" src=\"http:\/\/palsolidarity.org\/wp-content\/uploads\/2015\/10\/IMG_8931-600x400.jpg\" alt=\"IMG_8931\" width=\"600\" height=\"400\" \/><\/a><a href=\"http:\/\/palsolidarity.org\/wp-content\/uploads\/2015\/10\/IMG_8939.jpg\"><img loading=\"lazy\" decoding=\"async\" class=\"aligncenter size-large wp-image-43850\" src=\"http:\/\/palsolidarity.org\/wp-content\/uploads\/2015\/10\/IMG_8939-600x400.jpg\" alt=\"IMG_8939\" width=\"600\" height=\"400\" \/><\/a><a href=\"http:\/\/palsolidarity.org\/wp-content\/uploads\/2015\/10\/IMG_8949.jpg\"><img loading=\"lazy\" decoding=\"async\" class=\"aligncenter size-large wp-image-43851\" src=\"http:\/\/palsolidarity.org\/wp-content\/uploads\/2015\/10\/IMG_8949-600x400.jpg\" alt=\"IMG_8949\" width=\"600\" height=\"400\" \/><\/a><a href=\"http:\/\/palsolidarity.org\/wp-content\/uploads\/2015\/10\/IMG_8967.jpg\"><img loading=\"lazy\" decoding=\"async\" class=\"aligncenter size-large wp-image-43852\" src=\"http:\/\/palsolidarity.org\/wp-content\/uploads\/2015\/10\/IMG_8967-600x400.jpg\" alt=\"IMG_8967\" width=\"600\" height=\"400\" \/><\/a><\/p>\n<\/div>\n<p>&nbsp;<\/p>\n","protected":false},"excerpt":{"rendered":"<p>31 Ottobre 2015 | International Solidarity Movement, Gaza team | Gaza Strip, \u00a0Palestina occupata Immagini degli scontri di venerd\u00ec 30 aNahel Oz (Shijaia), Occupied Gaza strip. Tutte le foto sono dovute a ISM, Gaza Alla fine degli scontri di ieri, &hellip; <a href=\"https:\/\/reteitalianaism.it\/reteism\/index.php\/2015\/11\/01\/immagini-da-gaza-un-altro-venerdi-di-brutalita\/\">Continue reading <span class=\"meta-nav\">&rarr;<\/span><\/a><\/p>\n","protected":false},"author":2,"featured_media":0,"comment_status":"open","ping_status":"open","sticky":false,"template":"","format":"standard","meta":{"footnotes":""},"categories":[2,3],"tags":[25,37,83],"class_list":["post-7318","post","type-post","status-publish","format-standard","hentry","category-gaza-2","category-info","tag-gaza","tag-occupazione","tag-violenza-dei-soldati"],"_links":{"self":[{"href":"https:\/\/reteitalianaism.it\/reteism\/index.php\/wp-json\/wp\/v2\/posts\/7318","targetHints":{"allow":["GET"]}}],"collection":[{"href":"https:\/\/reteitalianaism.it\/reteism\/index.php\/wp-json\/wp\/v2\/posts"}],"about":[{"href":"https:\/\/reteitalianaism.it\/reteism\/index.php\/wp-json\/wp\/v2\/types\/post"}],"author":[{"embeddable":true,"href":"https:\/\/reteitalianaism.it\/reteism\/index.php\/wp-json\/wp\/v2\/users\/2"}],"replies":[{"embeddable":true,"href":"https:\/\/reteitalianaism.it\/reteism\/index.php\/wp-json\/wp\/v2\/comments?post=7318"}],"version-history":[{"count":3,"href":"https:\/\/reteitalianaism.it\/reteism\/index.php\/wp-json\/wp\/v2\/posts\/7318\/revisions"}],"predecessor-version":[{"id":7339,"href":"https:\/\/reteitalianaism.it\/reteism\/index.php\/wp-json\/wp\/v2\/posts\/7318\/revisions\/7339"}],"wp:attachment":[{"href":"https:\/\/reteitalianaism.it\/reteism\/index.php\/wp-json\/wp\/v2\/media?parent=7318"}],"wp:term":[{"taxonomy":"category","embeddable":true,"href":"https:\/\/reteitalianaism.it\/reteism\/index.php\/wp-json\/wp\/v2\/categories?post=7318"},{"taxonomy":"post_tag","embeddable":true,"href":"https:\/\/reteitalianaism.it\/reteism\/index.php\/wp-json\/wp\/v2\/tags?post=7318"}],"curies":[{"name":"wp","href":"https:\/\/api.w.org\/{rel}","templated":true}]}}