{"id":7829,"date":"2016-01-20T21:43:47","date_gmt":"2016-01-20T20:43:47","guid":{"rendered":"http:\/\/reteitalianaism.it\/reteism\/?p=7829"},"modified":"2016-01-20T21:43:47","modified_gmt":"2016-01-20T20:43:47","slug":"le-forze-israeliane-ricostruiscono-un-posto-di-blocco-a-kafr-qaddum","status":"publish","type":"post","link":"https:\/\/reteitalianaism.it\/reteism\/index.php\/2016\/01\/20\/le-forze-israeliane-ricostruiscono-un-posto-di-blocco-a-kafr-qaddum\/","title":{"rendered":"Le forze israeliane ricostruiscono un posto di blocco a Kafr Qaddum"},"content":{"rendered":"<p><strong>16 Gennaio 2016 | International Solidarity Movement, Tulkarem team | Kafr Qaddum, Palestina occupata<\/strong><\/p>\n<p>Il 16 gennaio, le forze israeliane hanno sparato a un giovane manifestante con munizioni vere, mentre gli abitanti del villaggio di Kafr Qaddum protestavano per il furto delle loro terre. L&#8217;esercito israeliano ha ricostruito un posto di blocco, limitando ulteriormente i movimenti degli abitanti del villaggio.<\/p>\n<div style=\"width: 490px\" class=\"wp-caption alignnone\"><a href=\"http:\/\/reteitalianaism.it\/reteism\/wp-content\/uploads\/2016\/01\/copyimage-1110851080419_284_222.bmp\"><img decoding=\"async\" title=\"copyImage-1110851080419_284_222.bmp\" class=\"alignnone size-full\"  alt=\"image\" src=\"http:\/\/reteitalianaism.it\/reteism\/wp-content\/uploads\/2016\/01\/copyimage-1110851080419_284_222.bmp\" \/><\/a><p class=\"wp-caption-text\">Buldozer militari israeliani entrano nel villaggio. L&#39;insediamento Kedumim sullo sfondo. Photo credit: ISM<\/p><\/div>\n<p>Kafr Qaddum \u00e8 vicino all&#8217;insediamento illegale israeliano di Kedumin che \u00e8 stato istituito nel 1976. L&#8217;insediamento illegale ora occupa cinque colline vicino a Kafr Qaddum, e ospita pi\u00f9 di 3000 coloni israeliani illegali.<\/p>\n<p>Pi\u00f9 della met\u00e0 delle terre del villaggio si trovano nella zona C, che lo rende una parte del circa 60% della Cisgiordania, che \u00e8 sotto il pieno controllo israeliano. Questo significa che molti abitanti del villaggio hanno bisogno di ottenere un permesso speciale da parte delle autorit\u00e0 israeliane per accedere alla propria terra. Ottenere questo permesso \u00e8 quasi impossibile, e un sacco di abitanti del villaggio che non ricevono un permesso lamentano che Israele permette loro di entrare sulla loro terra solo per un paio di giorni l&#8217;anno, quindi non dando loro abbastanza tempo per coltivare la propria terra.<!--more--><\/p>\n<p>Nel 2003 l&#8217;esercito israeliano ha chiuso l&#8217;ingresso del paese con la costruzione di un posto di blocco permanente. I residenti sono ora costretti a guidare per una lunga deviazione di 13 chilometri per raggiungere la strada principale verso il villaggio. Nel 2010, dopo aver atteso cinque anni una decisione del giudice, un tribunale israeliano ha stabilito che la chiusura della strada \u00e8 illegale, ma ha anche affermato, erroneamente, che la strada \u00e8 troppo pericolosa per i viaggi, e l&#8217;esercito israeliano ha usato questo come una scusa per tenere la strada chiusa da allora.<\/p>\n<p>Oltre al posto di blocco permanente collocato accanto all&#8217;ingresso dell&#8217;insediamento Kedumim, le forze israeliane hanno periodicamente messo un tumulo di materiale di risulta in pi\u00f9 come posto di blocco sulla stessa strada a circa 1 km prima del posto di blocco permanente. La casa di una famiglia Palestinese viene chiusa e isolata dal resto del paese con questo tumulo di sporcizia, e sia le vetture che le ambulanze sono impedite di raggiungere questa particolare casa. Questo posto di blocco limita ancora di pi\u00f9 anche l&#8217;accesso dei residenti ai loro terreni agricoli. Per raggiungere la loro terra in questa parte del paese, ora devono andare a piedi, e sono costretti a portare il loro raccolto e tutti gli attrezzi necessari per il lavoro manuale.<\/p>\n<div style=\"width: 610px\" class=\"wp-caption alignnone\"><a href=\"http:\/\/reteitalianaism.it\/reteism\/wp-content\/uploads\/2016\/01\/copyimage-11113888804117_100_65.bmp\"><img decoding=\"async\" title=\"copyImage-11113888804117_100_65.bmp\" class=\"alignnone size-full\"  alt=\"image\" src=\"http:\/\/reteitalianaism.it\/reteism\/wp-content\/uploads\/2016\/01\/copyimage-11113888804117_100_65.bmp\" \/><\/a><p class=\"wp-caption-text\">Il posto di blocco ricostruito, nel villaggio di Kafr Qaddum. Photo credit: ISM<\/p><\/div>\n<p>Ogni venerd\u00ec e sabato gli abitanti di Kafr Quddum protestano contro la chiusura della strada e il furto delle loro terre. Nelle ultime settimane&nbsp; nella manifestazione del Venerd\u00ec , i soldati israeliani insieme ad un bulldozer dell&#8217;esercito israeliano sono entrati nel villaggio. Un cecchino israeliano nascosto sul bulldozer ha sparato a un giovane manifestante alla gamba, non appena l&#8217;esercito israeliano era entrato nel villaggio. Quando i manifestanti si sono ritirati a cercare riparo il bulldozer e le forze israeliane hanno iniziato a ricostruire il posto di blocco, che \u00e8 stato rimosso solo poche settimane fa.<\/p>\n<p><iframe width = \"560\" height = \"315\" src = \"https:\/\/www.youtube.com\/embed\/tjt7pFXOCbU\" frameborder = \"0\" allowfullscreen> <\/ iframe><\/p>\n<p>Dal mese di luglio 2014, le forze di occupazione israeliane hanno utilizzato munizioni da guerra con maggiore frequenza. Ad oggi, pi\u00f9 di 70 manifestanti sono stati feriti con proiettili veri. I manifestanti hanno anche subito lesioni gravi dopo essere stato colpito da &#8216;munizioni meno letali&#8217;. Un manifestante \u00e8 cieco da un occhio dopo essere stato colpito da un proiettile di acciaio rivestito di gomma, e vari manifestanti hanno subito gravi danni cerebrali dopo essere stati colpiti con questo tipo di bombole di proiettile o di gas lacrimogeni alla loro testa.<\/p>\n<p>Nel corso della manifestazione sabato 9 gennaio, un vecchio abitante del villaggio di 60 anni \u00e8 stato colpito alla gamba con proiettili veri quando stava tornando a casa da una visita a casa di vicini. Un cecchino israeliano si era nascosto dietro una macchina parcheggiata, e gli osservatori internazionali affermano che le munizioni letali vengono spesso utilizzate durante la protesta non violenta, anche se i manifestanti non rappresentano alcuna minaccia per i soldati.<\/p>\n","protected":false},"excerpt":{"rendered":"<p>16 Gennaio 2016 | International Solidarity Movement, Tulkarem team | Kafr Qaddum, Palestina occupata Il 16 gennaio, le forze israeliane hanno sparato a un giovane manifestante con munizioni vere, mentre gli abitanti del villaggio di Kafr Qaddum protestavano per il &hellip; <a href=\"https:\/\/reteitalianaism.it\/reteism\/index.php\/2016\/01\/20\/le-forze-israeliane-ricostruiscono-un-posto-di-blocco-a-kafr-qaddum\/\">Continue reading <span class=\"meta-nav\">&rarr;<\/span><\/a><\/p>\n","protected":false},"author":2,"featured_media":0,"comment_status":"open","ping_status":"open","sticky":false,"template":"","format":"standard","meta":{"footnotes":""},"categories":[1],"tags":[],"class_list":["post-7829","post","type-post","status-publish","format-standard","hentry","category-senza-categoria"],"_links":{"self":[{"href":"https:\/\/reteitalianaism.it\/reteism\/index.php\/wp-json\/wp\/v2\/posts\/7829","targetHints":{"allow":["GET"]}}],"collection":[{"href":"https:\/\/reteitalianaism.it\/reteism\/index.php\/wp-json\/wp\/v2\/posts"}],"about":[{"href":"https:\/\/reteitalianaism.it\/reteism\/index.php\/wp-json\/wp\/v2\/types\/post"}],"author":[{"embeddable":true,"href":"https:\/\/reteitalianaism.it\/reteism\/index.php\/wp-json\/wp\/v2\/users\/2"}],"replies":[{"embeddable":true,"href":"https:\/\/reteitalianaism.it\/reteism\/index.php\/wp-json\/wp\/v2\/comments?post=7829"}],"version-history":[{"count":1,"href":"https:\/\/reteitalianaism.it\/reteism\/index.php\/wp-json\/wp\/v2\/posts\/7829\/revisions"}],"predecessor-version":[{"id":7830,"href":"https:\/\/reteitalianaism.it\/reteism\/index.php\/wp-json\/wp\/v2\/posts\/7829\/revisions\/7830"}],"wp:attachment":[{"href":"https:\/\/reteitalianaism.it\/reteism\/index.php\/wp-json\/wp\/v2\/media?parent=7829"}],"wp:term":[{"taxonomy":"category","embeddable":true,"href":"https:\/\/reteitalianaism.it\/reteism\/index.php\/wp-json\/wp\/v2\/categories?post=7829"},{"taxonomy":"post_tag","embeddable":true,"href":"https:\/\/reteitalianaism.it\/reteism\/index.php\/wp-json\/wp\/v2\/tags?post=7829"}],"curies":[{"name":"wp","href":"https:\/\/api.w.org\/{rel}","templated":true}]}}