{"id":7836,"date":"2016-01-22T22:15:51","date_gmt":"2016-01-22T21:15:51","guid":{"rendered":"http:\/\/reteitalianaism.it\/reteism\/?p=7836"},"modified":"2016-01-23T19:08:18","modified_gmt":"2016-01-23T18:08:18","slug":"le-famiglie-di-gaza-lottano-per-sopravvivere-nelle-macerie-lasciatr-dallattacco-di-israele-del-2014","status":"publish","type":"post","link":"https:\/\/reteitalianaism.it\/reteism\/index.php\/2016\/01\/22\/le-famiglie-di-gaza-lottano-per-sopravvivere-nelle-macerie-lasciatr-dallattacco-di-israele-del-2014\/","title":{"rendered":"Le famiglie di Gaza lottano per sopravvivere nelle macerie lasciate dall&#8217;attacco di Israele del 2014"},"content":{"rendered":"<p><strong>22 gennaio 2016\u00a0| International Solidarity Movement, Gaza Team | Beit Hanoun, Gaza strip,\u00a0Palestina occupata<\/strong><br \/>\nDurante l&#8217;ultima strage a Gaza la 60enne Fatma era uno dei tanti abitanti di Gaza che hanno perso la casa.<\/p>\n<p>Stava riparandosi in una scuola dell&#8217;UNRWA insieme con il marito e 4 figlie quando le forze di occupazione israeliane hanno bombardato la loro casa. Una volta che l&#8217;aggressione era finita un parente ha permesso loro di stabilirsi nella casa che stava costruendo. Due settimane dopo essersi trasferito l\u00ec, il marito di Fatma \u00e8 morto a causa del dolore travolgente e la tristezza di vedere sua moglie e le figlie che vivono in tali condizioni deprecabili.<\/p>\n<div style=\"width: 460px\" class=\"wp-caption alignnone\"><a href=\"http:\/\/reteitalianaism.it\/reteism\/wp-content\/uploads\/2016\/01\/copyimage-11164890881031_117_91.bmp\"><img decoding=\"async\" title=\"copyImage-11164890881031_117_91.bmp\" class=\"alignnone size-full\"  alt=\"image\" src=\"http:\/\/reteitalianaism.it\/reteism\/wp-content\/uploads\/2016\/01\/copyimage-11164890881031_117_91.bmp\" \/><\/a><p class=\"wp-caption-text\">Raida, dietro la scuola delle Nazioni Unite in cui un bambino \u00e8 morto dopo essere stato bruciato vivo in un incendio a causa delle cattive condizioni dell&#39;impianto elettrico<\/p><\/div>\n<p>Quando l&#8217;esercito sionista \u00e8 entrato a Beit Hanoun un anno e mezzo fa, questa famiglia \u00e8 stata costretta a lasciare la casa insieme con tutti i suoi effetti personali, cos\u00ec come i loro nonni erano stati costretti a lasciare nel 1948, e fare una corsa a piedi di quasi 10 km tra Beit Hanoun e Gaza City.<br \/>\n<!--more--><\/p>\n<p>Ora hanno speso tutti i soldi che avevano nella rimessa a nuovo di quanto potevano di due delle stanze della casa che sopravvivono. A causa di questo&nbsp; quasi non hanno i soldi per comprare cibo.<\/p>\n<p>Raida, la figlia maggiore di Fatma, ha detto al team ISM che &#8220;durante l&#8217;ultima guerra non avevo paura perch\u00e9 ero con mio padre, ma se c&#8217;\u00e8 un&#8217;altra guerra non so come far\u00f2 a reagire, perch\u00e9 non sar\u00e0 pi\u00f9 con me. Non so se poi sar\u00f2 coraggiosa come sono stata in tutte le guerre fino ad ora &#8230; Ma sono sicura di una cosa, se c&#8217;\u00e8 un&#8217;altra guerra, non voglio lasciare la mia casa, dopo tutto, i sionisti ci seguono ovunque andiamo. Se vogliono bombardare la mia casa possono farlo con me dentro. &#8221;<\/p>\n<p>Il 29enne Nagy Kamal Hamdan vive anche lui a Beit Hanoun, con i suoi 3 figli. Anche la sua casa \u00e8 stata&nbsp; bombardata; ora sopravvive con la moglie e i figli in una stanza nella casa dei suoi genitori. Anche quella casa \u00e8 stata&nbsp; attaccata, ma la maggior parte di esso havresistito.<\/p>\n<div style=\"width: 410px\" class=\"wp-caption alignnone\"><a href=\"http:\/\/reteitalianaism.it\/reteism\/wp-content\/uploads\/2016\/01\/copyimage-11158856641035_611_183.bmp\"><img decoding=\"async\" title=\"copyImage-11158856641035_611_183.bmp\" class=\"alignnone size-full\"  alt=\"image\" src=\"http:\/\/reteitalianaism.it\/reteism\/wp-content\/uploads\/2016\/01\/copyimage-11158856641035_611_183.bmp\" \/><\/a><p class=\"wp-caption-text\"><br \/>\nLa madre di Nagy e Jamil mostra dove i cecchini israeliani hanno sparato contro la porta quando ha aperto durante  l&#039;assalto del 2014 <\/p><\/div>\n<div style=\"width: 410px\" class=\"wp-caption alignnone\"><a href=\"http:\/\/reteitalianaism.it\/reteism\/wp-content\/uploads\/2016\/01\/copyimage-11160139921040_199_139.bmp\"><img decoding=\"async\" title=\"copyImage-11160139921040_199_139.bmp\" class=\"alignnone size-full\"  alt=\"image\" src=\"http:\/\/reteitalianaism.it\/reteism\/wp-content\/uploads\/2016\/01\/copyimage-11160139921040_199_139.bmp\" \/><\/a><p class=\"wp-caption-text\">I figli di Nagy nelle stanze dove vivono con i loro genitori<\/p><\/div>\n<p>Il fratello di Nagy, Jamil, 17 anni, vive anche lui in casa. &#8220;Abbiamo visto gli israeliani arrivare dalla nostra strada&#8221;, ha ricordato, &#8220;sparavano lacrimogeni e proiettili veri contro di noi. Abbiamo visto come hanno bombardato la moschea di fronte alla nostra casa &#8220;.<\/p>\n<div style=\"width: 610px\" class=\"wp-caption alignnone\"><a href=\"http:\/\/reteitalianaism.it\/reteism\/wp-content\/uploads\/2016\/01\/copyimage-11156321441044_413_337.bmp\"><img decoding=\"async\" title=\"copyImage-11156321441044_413_337.bmp\" class=\"alignnone size-full\"  alt=\"image\" src=\"http:\/\/reteitalianaism.it\/reteism\/wp-content\/uploads\/2016\/01\/copyimage-11156321441044_413_337.bmp\" \/><\/a><p class=\"wp-caption-text\">Jamil a casa dei suoi genitori<\/p><\/div>\n<p>Poco dopo la fine dell&#8217;attacco del 2014 Jamil ha iniziato a soffrire di crisi epilettiche ed \u00e8 diventato incapace di vedere con l&#8217;occhio sinistro. La sua memoria \u00e8 stata colpita. &#8220;Molte volte non riconosce le persone, neanche suo padre&#8221;, ha detto la madre al team ISM. &#8220;Dimentica anche cose che ha appena fatto. Recentemente \u00e8 tornato a scuola, ma ha un sacco di problemi a prestare attenzione. &#8221;<\/p>\n<div style=\"width: 610px\" class=\"wp-caption alignnone\"><a href=\"http:\/\/reteitalianaism.it\/reteism\/wp-content\/uploads\/2016\/01\/copyimage-11141110641048_845_324.bmp\"><img decoding=\"async\" title=\"copyImage-11141110641048_845_324.bmp\" class=\"alignnone size-full\"  alt=\"image\" src=\"http:\/\/reteitalianaism.it\/reteism\/wp-content\/uploads\/2016\/01\/copyimage-11141110641048_845_324.bmp\" \/><\/a><p class=\"wp-caption-text\">I bambini di Nagy<\/p><\/div>\n","protected":false},"excerpt":{"rendered":"<p>22 gennaio 2016\u00a0| International Solidarity Movement, Gaza Team | Beit Hanoun, Gaza strip,\u00a0Palestina occupata Durante l&#8217;ultima strage a Gaza la 60enne Fatma era uno dei tanti abitanti di Gaza che hanno perso la casa. Stava riparandosi in una scuola dell&#8217;UNRWA &hellip; <a href=\"https:\/\/reteitalianaism.it\/reteism\/index.php\/2016\/01\/22\/le-famiglie-di-gaza-lottano-per-sopravvivere-nelle-macerie-lasciatr-dallattacco-di-israele-del-2014\/\">Continue reading <span class=\"meta-nav\">&rarr;<\/span><\/a><\/p>\n","protected":false},"author":2,"featured_media":0,"comment_status":"open","ping_status":"open","sticky":false,"template":"","format":"standard","meta":{"footnotes":""},"categories":[2,68],"tags":[75,25],"class_list":["post-7836","post","type-post","status-publish","format-standard","hentry","category-gaza-2","category-opinioni","tag-bombardamenti","tag-gaza"],"_links":{"self":[{"href":"https:\/\/reteitalianaism.it\/reteism\/index.php\/wp-json\/wp\/v2\/posts\/7836","targetHints":{"allow":["GET"]}}],"collection":[{"href":"https:\/\/reteitalianaism.it\/reteism\/index.php\/wp-json\/wp\/v2\/posts"}],"about":[{"href":"https:\/\/reteitalianaism.it\/reteism\/index.php\/wp-json\/wp\/v2\/types\/post"}],"author":[{"embeddable":true,"href":"https:\/\/reteitalianaism.it\/reteism\/index.php\/wp-json\/wp\/v2\/users\/2"}],"replies":[{"embeddable":true,"href":"https:\/\/reteitalianaism.it\/reteism\/index.php\/wp-json\/wp\/v2\/comments?post=7836"}],"version-history":[{"count":2,"href":"https:\/\/reteitalianaism.it\/reteism\/index.php\/wp-json\/wp\/v2\/posts\/7836\/revisions"}],"predecessor-version":[{"id":7838,"href":"https:\/\/reteitalianaism.it\/reteism\/index.php\/wp-json\/wp\/v2\/posts\/7836\/revisions\/7838"}],"wp:attachment":[{"href":"https:\/\/reteitalianaism.it\/reteism\/index.php\/wp-json\/wp\/v2\/media?parent=7836"}],"wp:term":[{"taxonomy":"category","embeddable":true,"href":"https:\/\/reteitalianaism.it\/reteism\/index.php\/wp-json\/wp\/v2\/categories?post=7836"},{"taxonomy":"post_tag","embeddable":true,"href":"https:\/\/reteitalianaism.it\/reteism\/index.php\/wp-json\/wp\/v2\/tags?post=7836"}],"curies":[{"name":"wp","href":"https:\/\/api.w.org\/{rel}","templated":true}]}}