{"id":7904,"date":"2016-02-06T18:07:08","date_gmt":"2016-02-06T17:07:08","guid":{"rendered":"http:\/\/reteitalianaism.it\/reteism\/?p=7904"},"modified":"2016-02-08T22:04:23","modified_gmt":"2016-02-08T21:04:23","slug":"estesa-ancora-per-un-altro-mese-la-zona-militare-chiusa-in-shuhada-street-e-tel-rumeida","status":"publish","type":"post","link":"https:\/\/reteitalianaism.it\/reteism\/index.php\/2016\/02\/06\/estesa-ancora-per-un-altro-mese-la-zona-militare-chiusa-in-shuhada-street-e-tel-rumeida\/","title":{"rendered":"Estesa ancora per un altro mese la zona militare chiusa in Shuhada Street e Tel Rumeida"},"content":{"rendered":"<p>6 FEBBRAIO 2016 | International Solidarity Movement, Al-Khalil team | Hebron, Palestina occupata<\/p>\n<p>Dal primo Novembre 2015 la zona di Tel Rumeida e Shuhada Street, nella occupata Al-Khalil (Hebron) \u00e8 stata dichiarata &#8216;zona militare chiusa&#8217;. La prima dichiarazione di chiusura \u00e8 stata per un mese, ma da allora l&#8217;ordine \u00e8 stato prorogato diverse volte.<br \/>\nL&#8217;ultimo ordine dichiara l&#8217;area come chiusa dal 1 \u00b0 febbraio&nbsp; fino al 1 \u00b0 marzo, con la possibilit\u00e0 di estensione.<\/p>\n<div style=\"width: 430px\" class=\"wp-caption alignnone\"><a href=\"http:\/\/reteitalianaism.it\/reteism\/wp-content\/uploads\/2016\/02\/copyimage-1115333216628_751_299.bmp\"><img decoding=\"async\" title=\"copyImage-1115333216628_751_299.bmp\" class=\"alignnone size-full\"  alt=\"image\" src=\"http:\/\/reteitalianaism.it\/reteism\/wp-content\/uploads\/2016\/02\/copyimage-1115333216628_751_299.bmp\" \/><\/a><p class=\"wp-caption-text\">Shuhada Checkpoint (Checkpoint 56)<\/p><\/div>\n<p>La chiusura colpisce i residenti della zona ogni singolo giorno. A ogni famiglia che vive nella zona \u00e8 stato dato un numero ed \u00e8 stata costretta a registrarlo con le forze israeliane. Quando si entra nella zona, attraverso i posti di blocco, i residenti devono mostrare la ID, dare il loro numero e spesso anche rispondere a domande e ricevere perquisizioni corporali e di quanto trasportato. Amici e familiari dei residenti non sono in grado di far loro visita all&#8217;interno dell&#8217;area; anche i medici o artigiani sono completamente impediti dall&#8217;entrare nell&#8217;area.<!--more--><\/p>\n<p>Inoltre, la zona militare chiusa ha permesso lo sfratto di due organizzazioni per i diritti umani con sede a Tel Rumeida. Questi hanno ora il divieto di vivere nelle loro case o di lavorare nei loro uffici e dal momento che hanno il divieto per tutta la zona non sono in grado di osservare e documentare le dilaganti violazioni dei diritti umani da parte deglio israeliani. La &#8216;zona militare chiusa&#8217; intende chiaramente sfrattare i residenti palestinesi al fine di consentire un ampliamento degli insediamenti israeliani illegali, e sfrattando i difensori dei diritti umani intende mettere a tacere la verit\u00e0 sulle vessazioni delle tforze israeliane, sui loro&nbsp; attacchi e violazioni dei diritti umani.<\/p>\n","protected":false},"excerpt":{"rendered":"<p>6 FEBBRAIO 2016 | International Solidarity Movement, Al-Khalil team | Hebron, Palestina occupata Dal primo Novembre 2015 la zona di Tel Rumeida e Shuhada Street, nella occupata Al-Khalil (Hebron) \u00e8 stata dichiarata &#8216;zona militare chiusa&#8217;. La prima dichiarazione di chiusura &hellip; <a href=\"https:\/\/reteitalianaism.it\/reteism\/index.php\/2016\/02\/06\/estesa-ancora-per-un-altro-mese-la-zona-militare-chiusa-in-shuhada-street-e-tel-rumeida\/\">Continue reading <span class=\"meta-nav\">&rarr;<\/span><\/a><\/p>\n","protected":false},"author":2,"featured_media":0,"comment_status":"open","ping_status":"open","sticky":false,"template":"","format":"standard","meta":{"footnotes":""},"categories":[3],"tags":[8,41,46],"class_list":["post-7904","post","type-post","status-publish","format-standard","hentry","category-info","tag-al-khalil","tag-pulizia-etnica","tag-shuada-street"],"_links":{"self":[{"href":"https:\/\/reteitalianaism.it\/reteism\/index.php\/wp-json\/wp\/v2\/posts\/7904","targetHints":{"allow":["GET"]}}],"collection":[{"href":"https:\/\/reteitalianaism.it\/reteism\/index.php\/wp-json\/wp\/v2\/posts"}],"about":[{"href":"https:\/\/reteitalianaism.it\/reteism\/index.php\/wp-json\/wp\/v2\/types\/post"}],"author":[{"embeddable":true,"href":"https:\/\/reteitalianaism.it\/reteism\/index.php\/wp-json\/wp\/v2\/users\/2"}],"replies":[{"embeddable":true,"href":"https:\/\/reteitalianaism.it\/reteism\/index.php\/wp-json\/wp\/v2\/comments?post=7904"}],"version-history":[{"count":1,"href":"https:\/\/reteitalianaism.it\/reteism\/index.php\/wp-json\/wp\/v2\/posts\/7904\/revisions"}],"predecessor-version":[{"id":7905,"href":"https:\/\/reteitalianaism.it\/reteism\/index.php\/wp-json\/wp\/v2\/posts\/7904\/revisions\/7905"}],"wp:attachment":[{"href":"https:\/\/reteitalianaism.it\/reteism\/index.php\/wp-json\/wp\/v2\/media?parent=7904"}],"wp:term":[{"taxonomy":"category","embeddable":true,"href":"https:\/\/reteitalianaism.it\/reteism\/index.php\/wp-json\/wp\/v2\/categories?post=7904"},{"taxonomy":"post_tag","embeddable":true,"href":"https:\/\/reteitalianaism.it\/reteism\/index.php\/wp-json\/wp\/v2\/tags?post=7904"}],"curies":[{"name":"wp","href":"https:\/\/api.w.org\/{rel}","templated":true}]}}