{"id":7916,"date":"2016-02-07T18:51:18","date_gmt":"2016-02-07T17:51:18","guid":{"rendered":"http:\/\/reteitalianaism.it\/reteism\/?p=7916"},"modified":"2016-02-08T22:06:27","modified_gmt":"2016-02-08T21:06:27","slug":"altre-tre-case-saranno-demolite-a-gerusalemme","status":"publish","type":"post","link":"https:\/\/reteitalianaism.it\/reteism\/index.php\/2016\/02\/07\/altre-tre-case-saranno-demolite-a-gerusalemme\/","title":{"rendered":"Altre tre case saranno demolite a Gerusalemme"},"content":{"rendered":"<p>7 Febbraio 2016 | International Solidarity Movement, Ramallah team | Gerusalemme&nbsp; Sud, Palestina occupata<\/p>\n<p>Ieri, Sabato 6 febbraio abbiamo visitato la casa di Salah Abukaf, 49 anni, che vive nel quartiere di Sur Baher nella Gerusalemme occupata del Sud, e due giorni fa ha ricevuto un ordine di demolizione di case.<\/p>\n<div style=\"width: 460px\" class=\"wp-caption alignnone\"><a href=\"http:\/\/reteitalianaism.it\/reteism\/wp-content\/uploads\/2016\/02\/copyimage-11128781363246_993_339.bmp\"><img decoding=\"async\" title=\"copyImage-11128781363246_993_339.bmp\" class=\"alignnone size-full\"  alt=\"image\" src=\"http:\/\/reteitalianaism.it\/reteism\/wp-content\/uploads\/2016\/02\/copyimage-11128781363246_993_339.bmp\" \/><\/a><p class=\"wp-caption-text\">casa di Salah Abukaf<\/p><\/div>\n<p>L&#8217;anno scorso, il 13 settembre, un&nbsp; colono israeliano illegale di 68 anni \u00e8 morto in un incidente d&#8217;auto vicino alla casa di Abukaf. La polizia israeliana prima ha detto che si trattava di un incidente d&#8217;auto regolare, ma poi ha deciso di accusare suo figlio di 18 anni, Mohammed Abukaf, insieme con altri 4 amici, tutti tra i 17 ei 19 anni di et\u00e0, Walid al Atrash, Abed Dweyad, Jihad Tawil, e Ali Sabra, di aver lanciato pietre alla macchina, causando l&#8217;incidente.<br \/>\nCirca alle 3 del mattino del 24 settembre e di nuovo il 25 settembre, la polizia israeliana ha fatto irruzione violentemente nelle case di questi cinque giovani uomini e li ha arrestati. La polizia ha anche sequestrato il loro documento ID di Gerusalemme, il che pone un serio problema perch\u00e9 quando i palestinesi&nbsp; perdono la loro identit\u00e0 di Gerusalemme perdono il loro diritto di vivere l\u00ec e tutti i diritti degli altri residenti. Questi arresti sono stati effettuati nonostante il fatto che la polizia israeliana non ha ancora presentato prove del lancio di pietre alla macchina.<!--more--><\/p>\n<p>Secondo Salah Abukaf, i cinque giovani erano seduti in un luogo a 500 metri di distanza dalla macchina al momento dell&#8217;incidente, e nega le affermazioni che il figlio abbia lanciato pietre. &#8220;Essi accusano mio figlio di cose che non ha fatto.&#8221;<\/p>\n<div style=\"width: 470px\" class=\"wp-caption alignnone\"><a href=\"http:\/\/reteitalianaism.it\/reteism\/wp-content\/uploads\/2016\/02\/copyimage-11178872003252_343_221.bmp\"><img decoding=\"async\" title=\"copyImage-11178872003252_343_221.bmp\" class=\"alignnone size-full\"  alt=\"image\" src=\"http:\/\/reteitalianaism.it\/reteism\/wp-content\/uploads\/2016\/02\/copyimage-11178872003252_343_221.bmp\" \/><\/a><p class=\"wp-caption-text\">Salah Abukaf parla in una intervista al notiziario Maan.<\/p><\/div>\n<div style=\"width: 610px\" class=\"wp-caption alignnone\"><a href=\"http:\/\/reteitalianaism.it\/reteism\/wp-content\/uploads\/2016\/02\/copyimage-11132206323257_46_29.bmp\"><img decoding=\"async\" title=\"copyImage-11132206323257_46_29.bmp\" class=\"alignnone size-full\"  alt=\"image\" src=\"http:\/\/reteitalianaism.it\/reteism\/wp-content\/uploads\/2016\/02\/copyimage-11132206323257_46_29.bmp\" \/><\/a><p class=\"wp-caption-text\">La moglie di Salah sta soffrendo questa situazione e non poteva fare che piangere nella sua intervista.<\/p><\/div>\n<p>Venerd\u00ec, 5 febbraio la polizia israeliana ha dato&nbsp; l&#8217;ordine di demolizione di tre case dei giovani uomini, cio\u00e8 Mohammed Abukaf, Walid al Atrash e Abed Dweyad. Secondo questi ordini, le famiglie hanno fino al 10 febbraio per fare un appello alla corte. Ci\u00f2 nonostante, le famiglie dicono che in base al modo in cui le autorit\u00e0 israeliane normalmente si comportano, hanno paura che, quando saranno in attesa di risposta del tribunale per i loro appelli, le forze israeliane verranno a demolire le loro case in ogni caso, rendendo i loro sforzi inutili.<\/p>\n<div style=\"width: 610px\" class=\"wp-caption alignnone\"><a href=\"http:\/\/reteitalianaism.it\/reteism\/wp-content\/uploads\/2016\/02\/copyimage-1110537888332_493_146.bmp\"><img decoding=\"async\" title=\"copyImage-1110537888332_493_146.bmp\" class=\"alignnone size-full\"  alt=\"image\" src=\"http:\/\/reteitalianaism.it\/reteism\/wp-content\/uploads\/2016\/02\/copyimage-1110537888332_493_146.bmp\" \/><\/a><p class=\"wp-caption-text\">Le forze israeliane sono entrate in casa di Abukaf e si vedono buchi nelle pareti. I sospetti della famiglia sono che stavano misurando lo spessore delle pareti  per preparare la dinamite per la casa.<\/p><\/div>\n<div style=\"width: 610px\" class=\"wp-caption alignnone\"><a href=\"http:\/\/reteitalianaism.it\/reteism\/wp-content\/uploads\/2016\/02\/copyimage-1113158576336_614_394.bmp\"><img decoding=\"async\" title=\"copyImage-1113158576336_614_394.bmp\" class=\"alignnone size-full\"  alt=\"image\" src=\"http:\/\/reteitalianaism.it\/reteism\/wp-content\/uploads\/2016\/02\/copyimage-1113158576336_614_394.bmp\" \/><\/a><p class=\"wp-caption-text\">Un altro buco nel muro della sala principale.<\/p><\/div>\n<p>Nel frattempo, la famiglia di Salah Abukaf sta pagando 50.000 shekel, Walid al Atrash 60.000 shekel e Abed Dweyad 75.000 shekel per coprire le spese dei loro avvocati per combattere i loro casi in tribunale. Queste famiglie gi\u00e0 soffrono di situazioni finanziarie negative e pagare queste somme di denaro \u00e8 un grande fardello per loro.<\/p>\n<p>Abukaf spiega; &#8220;Se sapessi che mio figlio ha fatto qualcosa di sbagliato, allora sarei disposto ad accettare questo, ma quello che le autorit\u00e0 israeliane stanno facendo \u00e8 semplicemente una punizione collettiva. \u00c8 illegale secondo il diritto internazionale che distruggano la casa della mia famiglia dove i miei bambini vivono. Dove potremo andare ora? &#8221;<\/p>\n<div style=\"width: 610px\" class=\"wp-caption alignnone\"><a href=\"http:\/\/reteitalianaism.it\/reteism\/wp-content\/uploads\/2016\/02\/copyimage-11119856403312_163_70.bmp\"><img decoding=\"async\" title=\"copyImage-11119856403312_163_70.bmp\" class=\"alignnone size-full\"  alt=\"image\" src=\"http:\/\/reteitalianaism.it\/reteism\/wp-content\/uploads\/2016\/02\/copyimage-11119856403312_163_70.bmp\" \/><\/a><p class=\"wp-caption-text\"><br \/>\n Hala, 8 anni, sul lato destro, e  Hadeel, 9 anni, sulla sinistra, sono i due pi\u00f9 piccoli che vivono in questa casa.<\/p><\/div>\n<div style=\"width: 610px\" class=\"wp-caption alignnone\"><a href=\"http:\/\/reteitalianaism.it\/reteism\/wp-content\/uploads\/2016\/02\/copyimage-11024046243317_246_182.bmp\"><img decoding=\"async\" title=\"copyImage-11024046243317_246_182.bmp\" class=\"alignnone size-full\"  alt=\"image\" src=\"http:\/\/reteitalianaism.it\/reteism\/wp-content\/uploads\/2016\/02\/copyimage-11024046243317_246_182.bmp\" \/><\/a><p class=\"wp-caption-text\">La sorella di Mohammed,  Ala &#39;, 17 anni.<\/p><\/div>\n<p>Nella casa di Walid al Atrash, un totale di 8 persone, tra cui i suoi due genitori e cinque fratelli, sar\u00e0 lasciato senza casa se la loro casa verr\u00e0 demolita.<\/p>\n<p>La casa di Abed Dweyad comprende un totale di sette persone, con i suoi due genitori e quattro fratelli, sar\u00e0 lasciato senza casa e se la loro casa verr\u00e0 demolita.<\/p>\n<p>\u00c8 importante notare che questo evento sta accadendo seguendo il piano di Israele di pulizia etnica dei palestinesi da Gerusalemme. L&#8217;obiettivo di questo programma \u00e8 quello di ridurre&nbsp; la popolazione palestinese dal 37% di oggi al 20% entro il 2020, e consentire che l&#8217;80% della popolazione totale sia ebreo israeliano.<\/p>\n","protected":false},"excerpt":{"rendered":"<p>7 Febbraio 2016 | International Solidarity Movement, Ramallah team | Gerusalemme&nbsp; Sud, Palestina occupata Ieri, Sabato 6 febbraio abbiamo visitato la casa di Salah Abukaf, 49 anni, che vive nel quartiere di Sur Baher nella Gerusalemme occupata del Sud, e &hellip; <a href=\"https:\/\/reteitalianaism.it\/reteism\/index.php\/2016\/02\/07\/altre-tre-case-saranno-demolite-a-gerusalemme\/\">Continue reading <span class=\"meta-nav\">&rarr;<\/span><\/a><\/p>\n","protected":false},"author":2,"featured_media":0,"comment_status":"open","ping_status":"open","sticky":false,"template":"","format":"standard","meta":{"footnotes":""},"categories":[3],"tags":[26,41],"class_list":["post-7916","post","type-post","status-publish","format-standard","hentry","category-info","tag-gerusalemme","tag-pulizia-etnica"],"_links":{"self":[{"href":"https:\/\/reteitalianaism.it\/reteism\/index.php\/wp-json\/wp\/v2\/posts\/7916","targetHints":{"allow":["GET"]}}],"collection":[{"href":"https:\/\/reteitalianaism.it\/reteism\/index.php\/wp-json\/wp\/v2\/posts"}],"about":[{"href":"https:\/\/reteitalianaism.it\/reteism\/index.php\/wp-json\/wp\/v2\/types\/post"}],"author":[{"embeddable":true,"href":"https:\/\/reteitalianaism.it\/reteism\/index.php\/wp-json\/wp\/v2\/users\/2"}],"replies":[{"embeddable":true,"href":"https:\/\/reteitalianaism.it\/reteism\/index.php\/wp-json\/wp\/v2\/comments?post=7916"}],"version-history":[{"count":1,"href":"https:\/\/reteitalianaism.it\/reteism\/index.php\/wp-json\/wp\/v2\/posts\/7916\/revisions"}],"predecessor-version":[{"id":7917,"href":"https:\/\/reteitalianaism.it\/reteism\/index.php\/wp-json\/wp\/v2\/posts\/7916\/revisions\/7917"}],"wp:attachment":[{"href":"https:\/\/reteitalianaism.it\/reteism\/index.php\/wp-json\/wp\/v2\/media?parent=7916"}],"wp:term":[{"taxonomy":"category","embeddable":true,"href":"https:\/\/reteitalianaism.it\/reteism\/index.php\/wp-json\/wp\/v2\/categories?post=7916"},{"taxonomy":"post_tag","embeddable":true,"href":"https:\/\/reteitalianaism.it\/reteism\/index.php\/wp-json\/wp\/v2\/tags?post=7916"}],"curies":[{"name":"wp","href":"https:\/\/api.w.org\/{rel}","templated":true}]}}