{"id":8458,"date":"2016-08-14T12:47:28","date_gmt":"2016-08-14T10:47:28","guid":{"rendered":"http:\/\/reteitalianaism.it\/reteism\/?p=8458"},"modified":"2016-08-14T12:47:28","modified_gmt":"2016-08-14T10:47:28","slug":"aumento-delle-molestie-militari-israeliane-a-hebron","status":"publish","type":"post","link":"https:\/\/reteitalianaism.it\/reteism\/index.php\/2016\/08\/14\/aumento-delle-molestie-militari-israeliane-a-hebron\/","title":{"rendered":"Aumento delle molestie militari israeliane a Hebron"},"content":{"rendered":"<p><strong>12 agosto 2016 | International Solidarity Movement, al-Khalil team | Hebron, Palestina occupata<\/strong><\/p>\n<p style=\"text-align: justify;\">Questo venerd\u00ec, come ogni altro venerd\u00ec, \u00e8 stata una giornata in cui\u00a0molti musulmani palestinesi vanno\u00a0alla moschea Ibrahimi a Hebron per la preghiera. E&#8217; stato anche un altro giorno in cui l&#8217;esercito israeliano e la polizia di frontiera hanno scelto di\u00a0molestare le persone.<\/p>\n<div id=\"attachment_8459\" style=\"width: 401px\" class=\"wp-caption aligncenter\"><a href=\"http:\/\/reteitalianaism.it\/reteism\/index.php\/2016\/08\/14\/aumento-delle-molestie-militari-israeliane-a-hebron\/hebronoggi1\/\" rel=\"attachment wp-att-8459\"><img loading=\"lazy\" decoding=\"async\" aria-describedby=\"caption-attachment-8459\" class=\" wp-image-8459\" src=\"http:\/\/reteitalianaism.it\/reteism\/wp-content\/uploads\/2016\/08\/hebronoggi1-300x225.jpg\" alt=\"I soldati israeliani costringono gli uomini palestinesi a stare contro il muro mentre cercano di andare alla moschea.\" width=\"391\" height=\"293\" srcset=\"https:\/\/reteitalianaism.it\/reteism\/wp-content\/uploads\/2016\/08\/hebronoggi1-300x225.jpg 300w, https:\/\/reteitalianaism.it\/reteism\/wp-content\/uploads\/2016\/08\/hebronoggi1.jpg 600w\" sizes=\"auto, (max-width: 391px) 100vw, 391px\" \/><\/a><p id=\"caption-attachment-8459\" class=\"wp-caption-text\">I soldati israeliani costringono gli uomini palestinesi a stare contro il muro mentre cercano di andare alla moschea.<\/p><\/div>\n<p style=\"text-align: justify;\">La mattina, abbiamo incontrato negozianti che ci hanno fatto notare che le griglie metalliche che erano state installate nel mercato su richiesta dei palestinesi per proteggere i negozianti in seguito al fatto che\u00a0coloni israeliani a volte gettano\u00a0cose verso di loro, era stato rimosso dall&#8217;esercito. Lo hanno fatto per presunte ragioni di sicurezza, ma la rimozione delle griglie rende i negozianti vulnerabili ad un aumento delle molestie.<!--more--><\/p>\n<p style=\"text-align: justify;\">Dato che le persone andavano a pregare, la Polizia di frontiera fermava molti giovani uomini e ordinava loro di esibire\u00a0la loro carta d&#8217;identit\u00e0 e, in alcuni casi anche svuotare le tasche. A volte cercato le persone una per una, costringendo gli altri ad aspettare. Un uomo si \u00e8 visto\u00a0negare l&#8217;ingresso ed \u00e8 stato costretto a tornare indietro. Gli agenti di polizia di frontiera, spesso parlano in un tono di voce forte alla gente, e costringono alcuni a stare in piedi contro il muro.<\/p>\n<p style=\"text-align: justify;\">Pi\u00f9 tardi quel giorno, un gruppo di soldati israeliani stava andando di\u00a0pattuglia nel Souq. Sono entrati in tre case, senza\u00a0chiedere il permesso alle famiglie. Quando \u00e8 stato chiesto che cosa stavano facendo, entrando nelle case di palestinesi, hanno risposto agli attivisti &#8220;non \u00e8 affar tuo&#8221; e anche &#8220;Stiamo facendo il nostro lavoro&#8221;.<\/p>\n<p style=\"text-align: justify;\">Tali azioni non sono una novit\u00e0 negli schemi di molestie al palestinesi a Hebron per mano della polizia di frontiera israeliana e dell&#8217;esercito.<\/p>\n<div id=\"attachment_8460\" style=\"width: 413px\" class=\"wp-caption aligncenter\"><a href=\"http:\/\/reteitalianaism.it\/reteism\/index.php\/2016\/08\/14\/aumento-delle-molestie-militari-israeliane-a-hebron\/hebronoggi2\/\" rel=\"attachment wp-att-8460\"><img loading=\"lazy\" decoding=\"async\" aria-describedby=\"caption-attachment-8460\" class=\" wp-image-8460\" src=\"http:\/\/reteitalianaism.it\/reteism\/wp-content\/uploads\/2016\/08\/hebronoggi2-300x225.jpg\" alt=\"Una griglia di metallo che \u00e8 stata installata per proteggere i palestinesi dai coloni israeliani era stata rimossa dall'esercito israeliano.\" width=\"403\" height=\"302\" srcset=\"https:\/\/reteitalianaism.it\/reteism\/wp-content\/uploads\/2016\/08\/hebronoggi2-300x225.jpg 300w, https:\/\/reteitalianaism.it\/reteism\/wp-content\/uploads\/2016\/08\/hebronoggi2.jpg 600w\" sizes=\"auto, (max-width: 403px) 100vw, 403px\" \/><\/a><p id=\"caption-attachment-8460\" class=\"wp-caption-text\">Una griglia di metallo che \u00e8 stata installata per proteggere i palestinesi dai coloni israeliani era stata rimossa dall&#8217;esercito israeliano.<\/p><\/div>\n<p>&nbsp;<\/p>\n<p>&nbsp;<\/p>\n<div id=\"attachment_8461\" style=\"width: 441px\" class=\"wp-caption aligncenter\"><a href=\"http:\/\/reteitalianaism.it\/reteism\/index.php\/2016\/08\/14\/aumento-delle-molestie-militari-israeliane-a-hebron\/hebronoggi3\/\" rel=\"attachment wp-att-8461\"><img loading=\"lazy\" decoding=\"async\" aria-describedby=\"caption-attachment-8461\" class=\" wp-image-8461\" src=\"http:\/\/reteitalianaism.it\/reteism\/wp-content\/uploads\/2016\/08\/hebronoggi3-300x225.jpg\" alt=\"I soldati israeliani entrano in una casa palestinese, uno delle tre che hanno invaso quel giorno.\" width=\"431\" height=\"323\" srcset=\"https:\/\/reteitalianaism.it\/reteism\/wp-content\/uploads\/2016\/08\/hebronoggi3-300x225.jpg 300w, https:\/\/reteitalianaism.it\/reteism\/wp-content\/uploads\/2016\/08\/hebronoggi3.jpg 600w\" sizes=\"auto, (max-width: 431px) 100vw, 431px\" \/><\/a><p id=\"caption-attachment-8461\" class=\"wp-caption-text\">I soldati israeliani entrano in una casa palestinese, uno delle tre che hanno invaso quel giorno.<\/p><\/div>\n<iframe width='425' height='344' src='\/\/www.youtube.com\/embed\/vPgnASEsdQM?autoplay=0&loop=0&rel=0' frameborder='0' allowfullscreen><\/iframe>\n<iframe width='425' height='344' src='\/\/www.youtube.com\/embed\/XaGQBgif_H8?autoplay=0&loop=0&rel=0' frameborder='0' allowfullscreen><\/iframe>\n","protected":false},"excerpt":{"rendered":"<p>12 agosto 2016 | International Solidarity Movement, al-Khalil team | Hebron, Palestina occupata Questo venerd\u00ec, come ogni altro venerd\u00ec, \u00e8 stata una giornata in cui\u00a0molti musulmani palestinesi vanno\u00a0alla moschea Ibrahimi a Hebron per la preghiera. E&#8217; stato anche un altro &hellip; <a href=\"https:\/\/reteitalianaism.it\/reteism\/index.php\/2016\/08\/14\/aumento-delle-molestie-militari-israeliane-a-hebron\/\">Continue reading <span class=\"meta-nav\">&rarr;<\/span><\/a><\/p>\n","protected":false},"author":2,"featured_media":0,"comment_status":"open","ping_status":"open","sticky":false,"template":"","format":"standard","meta":{"footnotes":""},"categories":[3],"tags":[8,37],"class_list":["post-8458","post","type-post","status-publish","format-standard","hentry","category-info","tag-al-khalil","tag-occupazione"],"_links":{"self":[{"href":"https:\/\/reteitalianaism.it\/reteism\/index.php\/wp-json\/wp\/v2\/posts\/8458","targetHints":{"allow":["GET"]}}],"collection":[{"href":"https:\/\/reteitalianaism.it\/reteism\/index.php\/wp-json\/wp\/v2\/posts"}],"about":[{"href":"https:\/\/reteitalianaism.it\/reteism\/index.php\/wp-json\/wp\/v2\/types\/post"}],"author":[{"embeddable":true,"href":"https:\/\/reteitalianaism.it\/reteism\/index.php\/wp-json\/wp\/v2\/users\/2"}],"replies":[{"embeddable":true,"href":"https:\/\/reteitalianaism.it\/reteism\/index.php\/wp-json\/wp\/v2\/comments?post=8458"}],"version-history":[{"count":3,"href":"https:\/\/reteitalianaism.it\/reteism\/index.php\/wp-json\/wp\/v2\/posts\/8458\/revisions"}],"predecessor-version":[{"id":8464,"href":"https:\/\/reteitalianaism.it\/reteism\/index.php\/wp-json\/wp\/v2\/posts\/8458\/revisions\/8464"}],"wp:attachment":[{"href":"https:\/\/reteitalianaism.it\/reteism\/index.php\/wp-json\/wp\/v2\/media?parent=8458"}],"wp:term":[{"taxonomy":"category","embeddable":true,"href":"https:\/\/reteitalianaism.it\/reteism\/index.php\/wp-json\/wp\/v2\/categories?post=8458"},{"taxonomy":"post_tag","embeddable":true,"href":"https:\/\/reteitalianaism.it\/reteism\/index.php\/wp-json\/wp\/v2\/tags?post=8458"}],"curies":[{"name":"wp","href":"https:\/\/api.w.org\/{rel}","templated":true}]}}