{"id":9478,"date":"2018-06-04T20:30:20","date_gmt":"2018-06-04T18:30:20","guid":{"rendered":"http:\/\/reteitalianaism.it\/reteism\/?p=9478"},"modified":"2018-06-07T22:19:58","modified_gmt":"2018-06-07T20:19:58","slug":"i-manifestanti-di-ramallah-onorano-razan-al-najjer-giovane-infermiera-giustiziata-dalle-forze-israeliane-a-gaza","status":"publish","type":"post","link":"https:\/\/reteitalianaism.it\/reteism\/index.php\/2018\/06\/04\/i-manifestanti-di-ramallah-onorano-razan-al-najjer-giovane-infermiera-giustiziata-dalle-forze-israeliane-a-gaza\/","title":{"rendered":"I manifestanti di Ramallah onorano Razan Al Najjer, giovane infermiera giustiziata dalle forze israeliane a Gaza"},"content":{"rendered":"<p><strong>3 giugno 2018 | International Solidarity Movement, Ramallah team | Ramallah, \u00a0Palestina occupata<\/strong><\/p>\n<p>Ieri a mezzogiorno, centinaia di manifestanti hanno marciato per le strade di Ramallah per piangere l&#8217;esecuzione di Razan Al Najjer, l&#8217;infermiera ventunenne che \u00e8 stata giustiziata dalle forze israeliane a Gaza venerd\u00ec.<br \/>\nI membri della Societ\u00e0 di Soccorso Medicale Palestinese di tutta la Cisgiordania, in gran parte studenti, hanno marciato con i ritratti di Razan. I manifestanti hanno tenuto cartelli che chiedono #JusticeForRazan e finiscono contro i crimini di guerra israeliani e l&#8217;assedio a Gaza.<\/p>\n<div id=\"attachment_9480\" style=\"width: 523px\" class=\"wp-caption aligncenter\"><a href=\"http:\/\/reteitalianaism.it\/reteism\/index.php\/2018\/06\/04\/i-manifestanti-di-ramallah-onorano-razan-al-najjer-giovane-infermiera-giustiziata-dalle-forze-israeliane-a-gaza\/razannajjar11111-600x338\/\" rel=\"attachment wp-att-9480\"><img loading=\"lazy\" decoding=\"async\" aria-describedby=\"caption-attachment-9480\" class=\"wp-image-9480\" src=\"http:\/\/reteitalianaism.it\/reteism\/wp-content\/uploads\/2018\/06\/RazanNajjar11111-600x338-300x169.jpg\" alt=\"\" width=\"513\" height=\"289\" srcset=\"https:\/\/reteitalianaism.it\/reteism\/wp-content\/uploads\/2018\/06\/RazanNajjar11111-600x338-300x169.jpg 300w, https:\/\/reteitalianaism.it\/reteism\/wp-content\/uploads\/2018\/06\/RazanNajjar11111-600x338.jpg 600w\" sizes=\"auto, (max-width: 513px) 100vw, 513px\" \/><\/a><p id=\"caption-attachment-9480\" class=\"wp-caption-text\">Centinaia di manifestanti marciano per le strade di Ramallah per piangere l&#8217;esecuzione di Razan Al Najjer, l&#8217;infermiera ventunenne che \u00e8 stata giustiziata dalle forze israeliane a Gaza venerd\u00ec (foto di ISM)<\/p><\/div>\n<p>&#8220;Razan forniva il primo soccorso per le persone nell&#8217;area di Gaza e fu uccisa da munizioni letali dai soldati israeliani&#8221;, dice il dottor Muhammed Scafe, del PMRS. Il dott. Scaafi ha sottolineato che l&#8217;omicidio di personale medico \u00e8 un crimine di guerra e una violazione del diritto internazionale. &#8220;In conformit\u00e0 con il codice internazionale di Ginevra, le \u00e9quipe mediche hanno il diritto di fornire il primo soccorso.&#8221;<!--more--><br \/>\nShatha Sameer Zaydya, membro della Palestinian Medical Relief Society, afferma di aver iniziato a fare volontariato con il PMRS quando era studente all&#8217;universit\u00e0. &#8220;Vengo dalla zona di Sarfit. Lavoriamo molto a Safit, Nablus e Ramallah quando possiamo. Siamo di fronte a un sacco di attacchi da parte di israeliani, e specialmente dei coloni nell&#8217;area di Nablus, che vogliono uccidere e danneggiare [palestinesi] e farci paura &#8220;.<\/p>\n<div id=\"attachment_9481\" style=\"width: 485px\" class=\"wp-caption aligncenter\"><a href=\"http:\/\/reteitalianaism.it\/reteism\/index.php\/2018\/06\/04\/i-manifestanti-di-ramallah-onorano-razan-al-najjer-giovane-infermiera-giustiziata-dalle-forze-israeliane-a-gaza\/razannajjar22222-600x450\/\" rel=\"attachment wp-att-9481\"><img loading=\"lazy\" decoding=\"async\" aria-describedby=\"caption-attachment-9481\" class=\" wp-image-9481\" src=\"http:\/\/reteitalianaism.it\/reteism\/wp-content\/uploads\/2018\/06\/RazanNajjar22222-600x450-300x225.jpg\" alt=\"\" width=\"475\" height=\"356\" srcset=\"https:\/\/reteitalianaism.it\/reteism\/wp-content\/uploads\/2018\/06\/RazanNajjar22222-600x450-300x225.jpg 300w, https:\/\/reteitalianaism.it\/reteism\/wp-content\/uploads\/2018\/06\/RazanNajjar22222-600x450.jpg 600w\" sizes=\"auto, (max-width: 475px) 100vw, 475px\" \/><\/a><p id=\"caption-attachment-9481\" class=\"wp-caption-text\">In conformit\u00e0 con il codice internazionale di Ginevra, le \u00e9quipe mediche hanno il diritto di fornire il primo soccorso (foto ISM)<\/p><\/div>\n<p>I membri del PMRS sono stati attivi in \u200b\u200bCisgiordania e Gaza negli ultimi 40 anni. Oggi l&#8217;organizzazione ha oltre 1,5 milioni di volontari. Il PMRS ha fornito assistenza medica urgente agli abitanti di Gaza dopo le violenze israeliane del 2012, 2014 e ora nel 2018 durante il #GreatReturnMarch.<br \/>\nIeri pomeriggio, il dottor Mustafa Barghouti, presidente del PMRS, ha accolto i partecipanti al quartier generale a Ramallah. Il messaggio, dice, della protesta di oggi \u00e8 onorare Razan e mostrare ai palestinesi a Gaza &#8220;che siamo un unico popolo, che non sono soli e che non soffriranno da soli&#8221;.<\/p>\n<div id=\"attachment_9479\" style=\"width: 553px\" class=\"wp-caption alignnone\"><a href=\"http:\/\/reteitalianaism.it\/reteism\/index.php\/2018\/06\/04\/i-manifestanti-di-ramallah-onorano-razan-al-najjer-giovane-infermiera-giustiziata-dalle-forze-israeliane-a-gaza\/razan3333-600x450\/\" rel=\"attachment wp-att-9479\"><img loading=\"lazy\" decoding=\"async\" aria-describedby=\"caption-attachment-9479\" class=\"wp-image-9479\" src=\"http:\/\/reteitalianaism.it\/reteism\/wp-content\/uploads\/2018\/06\/Razan3333-600x450-300x225.jpg\" alt=\"\" width=\"543\" height=\"407\" srcset=\"https:\/\/reteitalianaism.it\/reteism\/wp-content\/uploads\/2018\/06\/Razan3333-600x450-300x225.jpg 300w, https:\/\/reteitalianaism.it\/reteism\/wp-content\/uploads\/2018\/06\/Razan3333-600x450.jpg 600w\" sizes=\"auto, (max-width: 543px) 100vw, 543px\" \/><\/a><p id=\"caption-attachment-9479\" class=\"wp-caption-text\">Dimostranti pacifici marciano attraverso Ramallah per protestare contro le forze israeliane che attaccano personale medico, giornalisti, bambini e civili disarmati durante la Grande Marcia del Ritorno in corso a Gaza<\/p><\/div>\n<p>&nbsp;<\/p>\n<p>&nbsp;<\/p>\n","protected":false},"excerpt":{"rendered":"<p>3 giugno 2018 | International Solidarity Movement, Ramallah team | Ramallah, \u00a0Palestina occupata Ieri a mezzogiorno, centinaia di manifestanti hanno marciato per le strade di Ramallah per piangere l&#8217;esecuzione di Razan Al Najjer, l&#8217;infermiera ventunenne che \u00e8 stata giustiziata dalle &hellip; <a href=\"https:\/\/reteitalianaism.it\/reteism\/index.php\/2018\/06\/04\/i-manifestanti-di-ramallah-onorano-razan-al-najjer-giovane-infermiera-giustiziata-dalle-forze-israeliane-a-gaza\/\">Continue reading <span class=\"meta-nav\">&rarr;<\/span><\/a><\/p>\n","protected":false},"author":2,"featured_media":0,"comment_status":"open","ping_status":"open","sticky":false,"template":"","format":"standard","meta":{"footnotes":""},"categories":[3],"tags":[25,116,83],"class_list":["post-9478","post","type-post","status-publish","format-standard","hentry","category-info","tag-gaza","tag-marcia-del-ritorno","tag-violenza-dei-soldati"],"_links":{"self":[{"href":"https:\/\/reteitalianaism.it\/reteism\/index.php\/wp-json\/wp\/v2\/posts\/9478","targetHints":{"allow":["GET"]}}],"collection":[{"href":"https:\/\/reteitalianaism.it\/reteism\/index.php\/wp-json\/wp\/v2\/posts"}],"about":[{"href":"https:\/\/reteitalianaism.it\/reteism\/index.php\/wp-json\/wp\/v2\/types\/post"}],"author":[{"embeddable":true,"href":"https:\/\/reteitalianaism.it\/reteism\/index.php\/wp-json\/wp\/v2\/users\/2"}],"replies":[{"embeddable":true,"href":"https:\/\/reteitalianaism.it\/reteism\/index.php\/wp-json\/wp\/v2\/comments?post=9478"}],"version-history":[{"count":2,"href":"https:\/\/reteitalianaism.it\/reteism\/index.php\/wp-json\/wp\/v2\/posts\/9478\/revisions"}],"predecessor-version":[{"id":9483,"href":"https:\/\/reteitalianaism.it\/reteism\/index.php\/wp-json\/wp\/v2\/posts\/9478\/revisions\/9483"}],"wp:attachment":[{"href":"https:\/\/reteitalianaism.it\/reteism\/index.php\/wp-json\/wp\/v2\/media?parent=9478"}],"wp:term":[{"taxonomy":"category","embeddable":true,"href":"https:\/\/reteitalianaism.it\/reteism\/index.php\/wp-json\/wp\/v2\/categories?post=9478"},{"taxonomy":"post_tag","embeddable":true,"href":"https:\/\/reteitalianaism.it\/reteism\/index.php\/wp-json\/wp\/v2\/tags?post=9478"}],"curies":[{"name":"wp","href":"https:\/\/api.w.org\/{rel}","templated":true}]}}