{"id":9697,"date":"2018-08-07T19:58:53","date_gmt":"2018-08-07T17:58:53","guid":{"rendered":"http:\/\/reteitalianaism.it\/reteism\/?p=9697"},"modified":"2018-08-07T19:58:58","modified_gmt":"2018-08-07T17:58:58","slug":"le-deposizioni-dei-bambini-arrestati-rivelano-pestaggi-sistematici-durante-e-dopo-la-detenzione-da-parte-delle-forze-israeliane","status":"publish","type":"post","link":"https:\/\/reteitalianaism.it\/reteism\/index.php\/2018\/08\/07\/le-deposizioni-dei-bambini-arrestati-rivelano-pestaggi-sistematici-durante-e-dopo-la-detenzione-da-parte-delle-forze-israeliane\/","title":{"rendered":"Le deposizioni dei bambini arrestati rivelano pestaggi sistematici durante e dopo la detenzione da parte delle forze israeliane"},"content":{"rendered":"<p>7 agosto 2018<\/p>\n<p>http:\/\/english.wafa.ps\/page.aspx?id=c06Y73a98712965901ac06Y73<\/p>\n<p>L&#8217;avvocato della Commissione, Hiba Ighbarieh, ha riportato le testimonianze di tre bambini detenuti nella prigione di Majido. I ragazzini parlano di quello che hanno subito durante e dopo l&#8217;arresto.<\/p>\n<p>Munir Dari, 16 anni, del quartiere di Issawiyeh nella Gerusalemme Est occupata, ha dichiarato all&#8217;avvocato di essere stato aggredito da diversi membri delle forze di sicurezza israeliane durante la sua detenzione nel suo quartiere, e di essere stato picchiato su tutto il suo corpo. E\u2019 stato anche sottoposto a percosse ed insulti quando si\u00a0 trovava nel Centro di Detenzione Russo di Gerusalemme Ovest, al fine di fargli confessare le accuse contro di lui.<\/p>\n<div id=\"attachment_9698\" style=\"width: 382px\" class=\"wp-caption aligncenter\"><a href=\"http:\/\/reteitalianaism.it\/reteism\/wp-content\/uploads\/2018\/08\/38655861_10156104408319145_5481735359102451712_n.jpg\"><img loading=\"lazy\" decoding=\"async\" aria-describedby=\"caption-attachment-9698\" class=\" wp-image-9698\" src=\"http:\/\/reteitalianaism.it\/reteism\/wp-content\/uploads\/2018\/08\/38655861_10156104408319145_5481735359102451712_n-300x199.jpg\" alt=\"\" width=\"372\" height=\"247\" srcset=\"https:\/\/reteitalianaism.it\/reteism\/wp-content\/uploads\/2018\/08\/38655861_10156104408319145_5481735359102451712_n-300x199.jpg 300w, https:\/\/reteitalianaism.it\/reteism\/wp-content\/uploads\/2018\/08\/38655861_10156104408319145_5481735359102451712_n.jpg 680w\" sizes=\"auto, (max-width: 372px) 100vw, 372px\" \/><\/a><p id=\"caption-attachment-9698\" class=\"wp-caption-text\">Bambini detenuti e minacciati dai soldati israeliani<\/p><\/div>\n<p><!--more--><\/p>\n<p>Fahd Qeisieh, 17 anni, anche lui del quartiere di Issawiyeh a Gerusalemme, \u00e8 stato picchiato dopo essere stato catturato durante gli scontri con le forze israeliane nel suo quartiere. Ha dichiarato di essere stato placcato da un poliziotto e trascinato su una macchina della polizia, dove un altro ufficiale gli ha calpestato la schiena con tutta la sua forza, mentre altri due lo picchiavano selvaggiamente, costringendolo a rimanere a terra. Il pestaggio \u00e8 andato avanti nel Centro di Interrogazione Russo, dove \u00e8 stato picchiato con un bastone su mani, gambe, viso e schiena, mentre era costretto a in ginocchio, per convincerlo a confessare le accuse contro di lui.<\/p>\n<p>Anche Firas Masri, 17 anni, \u00e8 stato duramente picchiato ed attaccato da diversi soldati quando \u00e8 stato arrestato ad un checkpoint dell&#8217;esercito vicino alla citt\u00e0 di Qalqilya, nel nord della West Bank. Ha detto di essere stato gettato sul terreno coperto di ghiaia, picchiato sulla testa e sulla schiena &#8211; pestaggio che ha provocato ferite e lividi &#8211; pesantemente insultato verbalmente e poi bendato, ammanettato e trascinato a terra per una lunga distanza prima di essere gettato in una jeep dell&#8217;esercito e portato in una stazione di polizia nell&#8217;insediamento di Ariel.<\/p>\n<p>Un altro avvocato della Commissione, Hussein al-Sheikh, ha riferito che altri due bambini &#8211; Mohammad Hadieh, 16 anni, di Betlemme, e Fawzi Masalmeh, 18 anni, proveniente dal campo profughi di Azzeh, sempre nei pressi di Betlemme &#8211; hanno rilasciato dichiarazioni di gravi pestaggi durante l&#8217;arresto.<\/p>\n<p>M.K.<\/p>\n","protected":false},"excerpt":{"rendered":"<p>7 agosto 2018 http:\/\/english.wafa.ps\/page.aspx?id=c06Y73a98712965901ac06Y73 L&#8217;avvocato della Commissione, Hiba Ighbarieh, ha riportato le testimonianze di tre bambini detenuti nella prigione di Majido. I ragazzini parlano di quello che hanno subito durante e dopo l&#8217;arresto. Munir Dari, 16 anni, del quartiere di &hellip; <a href=\"https:\/\/reteitalianaism.it\/reteism\/index.php\/2018\/08\/07\/le-deposizioni-dei-bambini-arrestati-rivelano-pestaggi-sistematici-durante-e-dopo-la-detenzione-da-parte-delle-forze-israeliane\/\">Continue reading <span class=\"meta-nav\">&rarr;<\/span><\/a><\/p>\n","protected":false},"author":6,"featured_media":0,"comment_status":"open","ping_status":"open","sticky":false,"template":"","format":"standard","meta":{"footnotes":""},"categories":[3,67],"tags":[10,53],"class_list":["post-9697","post","type-post","status-publish","format-standard","hentry","category-info","category-prigionieri","tag-arresti-inutili","tag-west-bank"],"_links":{"self":[{"href":"https:\/\/reteitalianaism.it\/reteism\/index.php\/wp-json\/wp\/v2\/posts\/9697","targetHints":{"allow":["GET"]}}],"collection":[{"href":"https:\/\/reteitalianaism.it\/reteism\/index.php\/wp-json\/wp\/v2\/posts"}],"about":[{"href":"https:\/\/reteitalianaism.it\/reteism\/index.php\/wp-json\/wp\/v2\/types\/post"}],"author":[{"embeddable":true,"href":"https:\/\/reteitalianaism.it\/reteism\/index.php\/wp-json\/wp\/v2\/users\/6"}],"replies":[{"embeddable":true,"href":"https:\/\/reteitalianaism.it\/reteism\/index.php\/wp-json\/wp\/v2\/comments?post=9697"}],"version-history":[{"count":2,"href":"https:\/\/reteitalianaism.it\/reteism\/index.php\/wp-json\/wp\/v2\/posts\/9697\/revisions"}],"predecessor-version":[{"id":9700,"href":"https:\/\/reteitalianaism.it\/reteism\/index.php\/wp-json\/wp\/v2\/posts\/9697\/revisions\/9700"}],"wp:attachment":[{"href":"https:\/\/reteitalianaism.it\/reteism\/index.php\/wp-json\/wp\/v2\/media?parent=9697"}],"wp:term":[{"taxonomy":"category","embeddable":true,"href":"https:\/\/reteitalianaism.it\/reteism\/index.php\/wp-json\/wp\/v2\/categories?post=9697"},{"taxonomy":"post_tag","embeddable":true,"href":"https:\/\/reteitalianaism.it\/reteism\/index.php\/wp-json\/wp\/v2\/tags?post=9697"}],"curies":[{"name":"wp","href":"https:\/\/api.w.org\/{rel}","templated":true}]}}