{"id":9741,"date":"2018-08-12T19:34:41","date_gmt":"2018-08-12T17:34:41","guid":{"rendered":"http:\/\/reteitalianaism.it\/reteism\/?p=9741"},"modified":"2018-08-12T19:34:41","modified_gmt":"2018-08-12T17:34:41","slug":"i-cittadini-palestinesi-di-israele-protestano-a-tel-aviv-contro-la-nuova-legge-dello-stato","status":"publish","type":"post","link":"https:\/\/reteitalianaism.it\/reteism\/index.php\/2018\/08\/12\/i-cittadini-palestinesi-di-israele-protestano-a-tel-aviv-contro-la-nuova-legge-dello-stato\/","title":{"rendered":"I cittadini palestinesi di Israele protestano a Tel Aviv contro la nuova legge dello stato"},"content":{"rendered":"<p>https:\/\/www.middleeasteye.net\/news\/palestinian-israeli-citizens-protest-nation-state-law-tel-aviv-1045600345<\/p>\n<p>&#8216;La nuova generazione non accetter\u00e0 questa umiliazione. Siamo consapevoli e siamo attivi. Siamo qui&#8217;<\/p>\n<div id=\"attachment_9745\" style=\"width: 489px\" class=\"wp-caption aligncenter\"><a href=\"http:\/\/reteitalianaism.it\/reteism\/index.php\/2018\/08\/12\/i-cittadini-palestinesi-di-israele-protestano-a-tel-aviv-contro-la-nuova-legge-dello-stato\/israel-politics-minorities\/\" rel=\"attachment wp-att-9745\"><img loading=\"lazy\" decoding=\"async\" aria-describedby=\"caption-attachment-9745\" class=\"wp-image-9745\" src=\"http:\/\/reteitalianaism.it\/reteism\/wp-content\/uploads\/2018\/08\/palestinian-israelis11-8-18-afp-2_0-300x200.jpg\" alt=\"\" width=\"479\" height=\"319\" srcset=\"https:\/\/reteitalianaism.it\/reteism\/wp-content\/uploads\/2018\/08\/palestinian-israelis11-8-18-afp-2_0-300x200.jpg 300w, https:\/\/reteitalianaism.it\/reteism\/wp-content\/uploads\/2018\/08\/palestinian-israelis11-8-18-afp-2_0.jpg 620w\" sizes=\"auto, (max-width: 479px) 100vw, 479px\" \/><\/a><p id=\"caption-attachment-9745\" class=\"wp-caption-text\">I manifestanti si preparano per la marcia nel centro di Tel Aviv<\/p><\/div>\n<p>Sabato 11 agosto 2018 23:24 UTC<br \/>\nUltimo aggiornamento: <strong>domenica 12 agosto<\/strong> 2018 10:24 UTC<\/p>\n<p>Decine di migliaia di cittadini palestinesi di Israele hanno condotto una marcia attraverso il centro di Tel Aviv sabato sera per protestare contro una legge approvata il mese scorso che declassifica i diritti dei cittadini non ebrei e decreta che gli ebrei &#8211; nazionali e stranieri &#8211; hanno diritti nazionali esclusivi.<\/p>\n<p>Mohammed Baraka, presidente della commissione per il monitoraggio degli arabi, che ha organizzato la protesta e si \u00e8 unito ai gruppi per i diritti civili nella petizione contro la legge dello Stato nazionale, ha definito la controversa legislazione come la &#8220;legge sulla segregazione dell&#8217;apartheid&#8221; e &#8220;un abominio&#8221;.<!--more--><\/p>\n<div id=\"attachment_9742\" style=\"width: 596px\" class=\"wp-caption alignnone\"><a href=\"http:\/\/reteitalianaism.it\/reteism\/index.php\/2018\/08\/12\/i-cittadini-palestinesi-di-israele-protestano-a-tel-aviv-contro-la-nuova-legge-dello-stato\/a-crowd-demonstrated-in-tel-aviv-on-11-august-against-israels-nation-state-law-afp\/\" rel=\"attachment wp-att-9742\"><img loading=\"lazy\" decoding=\"async\" aria-describedby=\"caption-attachment-9742\" class=\"wp-image-9742\" src=\"http:\/\/reteitalianaism.it\/reteism\/wp-content\/uploads\/2018\/08\/A-crowd-demonstrated-in-Tel-Aviv-on-11-August-against-Israels-nation-state-law-AFP-300x200.jpg\" alt=\"\" width=\"586\" height=\"390\" srcset=\"https:\/\/reteitalianaism.it\/reteism\/wp-content\/uploads\/2018\/08\/A-crowd-demonstrated-in-Tel-Aviv-on-11-August-against-Israels-nation-state-law-AFP-300x200.jpg 300w, https:\/\/reteitalianaism.it\/reteism\/wp-content\/uploads\/2018\/08\/A-crowd-demonstrated-in-Tel-Aviv-on-11-August-against-Israels-nation-state-law-AFP.jpg 620w\" sizes=\"auto, (max-width: 586px) 100vw, 586px\" \/><\/a><p id=\"caption-attachment-9742\" class=\"wp-caption-text\">Migliaia di persone sono scese in strada a Tel Aviv l&#8217;11 agosto per denunciare la legge dello stato-nazione (AFP)<\/p><\/div>\n<p>&#8220;Oggi non esiste una costituzione al mondo che abbia una clausola che renda lo stato e il suo scopo propriet\u00e0 di un gruppo etnico, determinando che \u00e8 esclusivamente lo stato di uno specifico gruppo etnico&#8221;, ha detto Baraka alla folla nel distretto delle arti del centro di Tel Aviv. &#8220;Non esiste una costituzione al mondo che non includa nelle sue clausole il diritto all&#8217;uguaglianza per tutti i suoi cittadini e residenti&#8221;.<\/p>\n<p>&#8220;Siamo qui insieme&#8221;, ha detto. &#8220;Arabi ed ebrei, per dire che \u00e8 inaccettabile, n\u00e9 apartheid n\u00e9 genocidio&#8221;.<\/p>\n<p>Protestanti e passanti hanno assistito a una scena rara a Tel Aviv: la presenza visibile dei palestinesi nella capitale economica e culturale di Israele, in gran parte laica.<\/p>\n<p>Gli anziani che indossavano thawbs, copricapo e altri abiti tradizionali arabi si sono mischiati ai giovani palestinesi con magliette, jeans e kefiah usate come sciarpa. Mentre i manifestanti si radunavano in piazza Rabin di fronte al municipio di Tel Aviv, decine di uomini musulmani si prostravano in file ordinate, conducendo la preghiere serale prima dell&#8217;inizio della marcia.<\/p>\n<p>I manifestanti, per la maggior parte palestinesi, potrebbero essere stati la pi\u00f9 grande assemblea di arabi nel centro di Tel Aviv, ha riferito il giornalista israeliano Meron Rapoport a Middle east eye.<\/p>\n<p>I palestinesi della Galilea, la regione del Triangolo, il deserto del Naqab e altre regioni del paese sono stati visti tra la folla.<\/p>\n<p>&#8220;Non siamo di seconda classe!&#8221; cantilenava la folla di manifestanti, alzando cartelli che dicevano sia in arabo che in ebraico: &#8220;Nazione-Stato legale &#8211; Apartheid ufficiale&#8221;.<\/p>\n<p>Le bandiere palestinesi proliferavano e sono state una fonte di attrito tra alcuni dei partecipanti, rispecchiando le discussioni che avevano preceduto la dimostrazione.<\/p>\n<p>Nei giorni precedenti l&#8217;evento, gli israeliani avevano discusso su slogan e simboli accettabili, rendendo la loro partecipazione condizionata a permettere alcuni e a proibire gli altri. I sionisti liberali hanno minacciato di boicottare la protesta se le bandiere palestinesi fossero presenti, mentre gli attivisti ebrei radicali hanno ribattuto che si sarebbero astenuti dal partecipare se le bandiere palestinesi fossero sgradite.<\/p>\n<p>La folla potrebbe non aver raggiunto un consenso, ma le loro differenze ideologiche non sono finite e la marcia \u00e8 proceduta come previsto.<\/p>\n<div id=\"attachment_9743\" style=\"width: 495px\" class=\"wp-caption aligncenter\"><a href=\"http:\/\/reteitalianaism.it\/reteism\/index.php\/2018\/08\/12\/i-cittadini-palestinesi-di-israele-protestano-a-tel-aviv-contro-la-nuova-legge-dello-stato\/amos2-8-11-18-lubna-2-2\/\" rel=\"attachment wp-att-9743\"><img loading=\"lazy\" decoding=\"async\" aria-describedby=\"caption-attachment-9743\" class=\"wp-image-9743\" src=\"http:\/\/reteitalianaism.it\/reteism\/wp-content\/uploads\/2018\/08\/amos2-8-11-18-lubna-2.2-300x233.jpg\" alt=\"\" width=\"485\" height=\"377\" srcset=\"https:\/\/reteitalianaism.it\/reteism\/wp-content\/uploads\/2018\/08\/amos2-8-11-18-lubna-2.2-300x233.jpg 300w, https:\/\/reteitalianaism.it\/reteism\/wp-content\/uploads\/2018\/08\/amos2-8-11-18-lubna-2.2.jpg 620w\" sizes=\"auto, (max-width: 485px) 100vw, 485px\" \/><\/a><p id=\"caption-attachment-9743\" class=\"wp-caption-text\">Amos Schoken, editore del quotidiano Haaretz, parla alla folla (MEE \/ Lubna Masarwa)<\/p><\/div>\n<p>&#8220;La nuova generazione non accetter\u00e0 questa umiliazione&#8221;, ha detto un giovane manifestante palestinese a Middle East Eye. &#8220;Siamo consapevoli e siamo attivi, siamo qui&#8221;.<\/p>\n<p>Halil al-Okbi e suo figlio di 11 anni sono arrivati \u200b\u200ba Tel Aviv dalla township beduina di Hura per partecipare alla protesta. &#8220;Anche senza questa legge, siamo stati discriminati&#8221;, ha detto Okbi.<\/p>\n<p>&#8220;Siamo stati qui centinaia di anni prima dell&#8217;istituzione dello stato di Israele: siamo stati cacciati dalle nostre terre nel 1951 e oggi viviamo in villaggi non riconosciuti senza elettricit\u00e0 e acqua&#8221;, ha detto.<\/p>\n<p>Le migliaia di ebrei israeliani che si sono uniti alla protesta in solidariet\u00e0 hanno incluso sostenitori del gruppo anti-occupazione Peace Now, membri del gruppo antirazzista Standing Together e Amos Schoken, editore del quotidiano liberale Haaretz.<\/p>\n<div id=\"attachment_9744\" style=\"width: 496px\" class=\"wp-caption aligncenter\"><a href=\"http:\/\/reteitalianaism.it\/reteism\/index.php\/2018\/08\/12\/i-cittadini-palestinesi-di-israele-protestano-a-tel-aviv-contro-la-nuova-legge-dello-stato\/tel-aviv-protest-mee-2-2\/\" rel=\"attachment wp-att-9744\"><img loading=\"lazy\" decoding=\"async\" aria-describedby=\"caption-attachment-9744\" class=\"wp-image-9744\" src=\"http:\/\/reteitalianaism.it\/reteism\/wp-content\/uploads\/2018\/08\/tel-aviv-protest-mee-2.2-300x231.jpg\" alt=\"\" width=\"486\" height=\"374\" srcset=\"https:\/\/reteitalianaism.it\/reteism\/wp-content\/uploads\/2018\/08\/tel-aviv-protest-mee-2.2-300x231.jpg 300w, https:\/\/reteitalianaism.it\/reteism\/wp-content\/uploads\/2018\/08\/tel-aviv-protest-mee-2.2.jpg 620w\" sizes=\"auto, (max-width: 486px) 100vw, 486px\" \/><\/a><p id=\"caption-attachment-9744\" class=\"wp-caption-text\">Halil El-Okbi e il figlio di undici anni si dichiarano cittadini di prima classe (MEE \/ Lubna Masarwa)<\/p><\/div>\n<p>L&#8217;attivista anti-razzista Tomer Saado ha detto al Middle East Eye: &#8220;Sono un ebreo orientale che ha sofferto di discriminazione a causa del colore della mia pelle, quindi \u00e8 molto facile per me essere solidale e capire profondamente i palestinesi e cosa\u00a0la legge stato-nazione \u00a0significa per loro.<\/p>\n<p>&#8220;Coloro che non sono consapevoli di queste esperienze credono che Israele sia una democrazia in cui a tutti \u00e8 garantita libert\u00e0, rispetto e riconoscimento: questa \u00e8 un&#8217;illusione che irrompe quotidianamente per molte persone&#8221;, ha detto Saado.<\/p>\n<p>Una volta che la folla ha raggiunto il quartiere dei musei, una serie di oratori palestinesi ed ebrei demolito la nuova legge, chiedendo libert\u00e0 e piena uguaglianza, indipendentemente dalla razza o dalla religione.<\/p>\n<p>&#8220;Non c&#8217;\u00e8 nulla di pi\u00f9 pericoloso&#8221;, ha detto alla folla il ricercatore dell&#8217;Universit\u00e0 di Tel Aviv, Maha Karkabi. &#8220;La legge dello stato-nazione non ignora i diritti della minoranza &#8211; \u00e8 qui per eliminarli&#8221;.<\/p>\n<p>Anche la professoressa e sociologa Eva Illouz ha parlato dal palco dicendo: &#8220;Rinuncio ai miei privilegi come ebreo &#8211; privilegi che non ho mai chiesto&#8221;.<\/p>\n<p>Il praticante di legge Maha Ighbaria ha detto alla folla: &#8220;Vivo in uno stato razzista, \u00e8 ora che la comunit\u00e0 internazionale riconosca i palestinesi in Israele e capisca che risolvere il conflitto \u00e8 impossibile finch\u00e9 continuiamo ad essere esclusi&#8221;.<\/p>\n<p>Nel suo discorso, Baraka ha denunciato l&#8217;offerta del Primo Ministro Benjamin Netanyahu di un pacchetto per i cittadini drusi per risarcire la propria comunit\u00e0 per il declassamento del loro status legale.<\/p>\n<p>I drusi sono una piccola comunit\u00e0 religiosa che costituisce circa il due percento dei cittadini israeliani. A differenza di altre comunit\u00e0 indigene arabe, la maggior parte dei drusi maschi serve nell&#8217;esercito israeliano.<\/p>\n<p>La scorsa settimana, Rabin Square \u00e8 stata riempita con decine di migliaia di cittadini drusi e i loro sostenitori che protestavano contro la stessa legge, offeso dal fatto che, anche se rischiano la vita al servizio di Israele, devono essere privati \u200b\u200bdi uguali diritti.<\/p>\n<p>Gruppi per i diritti civili affermano che Israele ha discriminato i suoi cittadini non ebrei da quando lo stato \u00e8 stato fondato nel 1948, puntando a decine di leggi israeliane che impongono un trattamento preferenziale agli ebrei.<\/p>\n","protected":false},"excerpt":{"rendered":"<p>https:\/\/www.middleeasteye.net\/news\/palestinian-israeli-citizens-protest-nation-state-law-tel-aviv-1045600345 &#8216;La nuova generazione non accetter\u00e0 questa umiliazione. Siamo consapevoli e siamo attivi. Siamo qui&#8217; Sabato 11 agosto 2018 23:24 UTC Ultimo aggiornamento: domenica 12 agosto 2018 10:24 UTC Decine di migliaia di cittadini palestinesi di Israele hanno condotto una &hellip; <a href=\"https:\/\/reteitalianaism.it\/reteism\/index.php\/2018\/08\/12\/i-cittadini-palestinesi-di-israele-protestano-a-tel-aviv-contro-la-nuova-legge-dello-stato\/\">Continue reading <span class=\"meta-nav\">&rarr;<\/span><\/a><\/p>\n","protected":false},"author":2,"featured_media":0,"comment_status":"open","ping_status":"open","sticky":false,"template":"","format":"standard","meta":{"footnotes":""},"categories":[3],"tags":[9,23],"class_list":["post-9741","post","type-post","status-publish","format-standard","hentry","category-info","tag-apartheid","tag-diritti-umani"],"_links":{"self":[{"href":"https:\/\/reteitalianaism.it\/reteism\/index.php\/wp-json\/wp\/v2\/posts\/9741","targetHints":{"allow":["GET"]}}],"collection":[{"href":"https:\/\/reteitalianaism.it\/reteism\/index.php\/wp-json\/wp\/v2\/posts"}],"about":[{"href":"https:\/\/reteitalianaism.it\/reteism\/index.php\/wp-json\/wp\/v2\/types\/post"}],"author":[{"embeddable":true,"href":"https:\/\/reteitalianaism.it\/reteism\/index.php\/wp-json\/wp\/v2\/users\/2"}],"replies":[{"embeddable":true,"href":"https:\/\/reteitalianaism.it\/reteism\/index.php\/wp-json\/wp\/v2\/comments?post=9741"}],"version-history":[{"count":2,"href":"https:\/\/reteitalianaism.it\/reteism\/index.php\/wp-json\/wp\/v2\/posts\/9741\/revisions"}],"predecessor-version":[{"id":9747,"href":"https:\/\/reteitalianaism.it\/reteism\/index.php\/wp-json\/wp\/v2\/posts\/9741\/revisions\/9747"}],"wp:attachment":[{"href":"https:\/\/reteitalianaism.it\/reteism\/index.php\/wp-json\/wp\/v2\/media?parent=9741"}],"wp:term":[{"taxonomy":"category","embeddable":true,"href":"https:\/\/reteitalianaism.it\/reteism\/index.php\/wp-json\/wp\/v2\/categories?post=9741"},{"taxonomy":"post_tag","embeddable":true,"href":"https:\/\/reteitalianaism.it\/reteism\/index.php\/wp-json\/wp\/v2\/tags?post=9741"}],"curies":[{"name":"wp","href":"https:\/\/api.w.org\/{rel}","templated":true}]}}