{"id":9753,"date":"2018-08-14T23:19:56","date_gmt":"2018-08-14T21:19:56","guid":{"rendered":"http:\/\/reteitalianaism.it\/reteism\/?p=9753"},"modified":"2018-08-14T23:26:56","modified_gmt":"2018-08-14T21:26:56","slug":"la-madre-di-un-giovane-palestinese-ucciso-dalle-forze-israeliane-e-accusata-di-istigazione-per-i-suoi-post-su-facebook","status":"publish","type":"post","link":"https:\/\/reteitalianaism.it\/reteism\/index.php\/2018\/08\/14\/la-madre-di-un-giovane-palestinese-ucciso-dalle-forze-israeliane-e-accusata-di-istigazione-per-i-suoi-post-su-facebook\/","title":{"rendered":"La madre di un giovane palestinese ucciso dalle forze israeliane \u00e8 accusata di &#8220;istigazione&#8221; per i suoi post su Facebook"},"content":{"rendered":"<p>13 agosto 2018 | <a href=\"http:\/\/samidoun.net\/2018\/08\/mother-of-palestinian-youth-killed-by-israeli-forces-accused-of-incitement-for-posting-on-facebook\/\">http:\/\/samidoun.net\/2018\/08\/mother-of-palestinian-youth-killed-by-israeli-forces-accused-of-incitement-for-posting-on-facebook\/<\/a><\/p>\n<p><a href=\"http:\/\/reteitalianaism.it\/reteism\/wp-content\/uploads\/2018\/08\/susan-abughannam.jpg\"><img loading=\"lazy\" decoding=\"async\" class=\" wp-image-9754 alignright\" src=\"http:\/\/reteitalianaism.it\/reteism\/wp-content\/uploads\/2018\/08\/susan-abughannam-201x300.jpg\" alt=\"\" width=\"186\" height=\"278\" srcset=\"https:\/\/reteitalianaism.it\/reteism\/wp-content\/uploads\/2018\/08\/susan-abughannam-201x300.jpg 201w, https:\/\/reteitalianaism.it\/reteism\/wp-content\/uploads\/2018\/08\/susan-abughannam.jpg 308w\" sizes=\"auto, (max-width: 186px) 100vw, 186px\" \/><\/a>Susan Abu Ghannam, madre di Mohammed Abu Ghannam, il giovane palestinese ucciso dalle forze di occupazione israeliane poco pi\u00f9 di un anno fa, il 21 luglio 2017, \u00e8 stata incriminata dalla corte israeliana a Gerusalemme luned\u00ec 13 agosto.<\/p>\n<p>La donna \u00e8 accusata di propaganda politica su Facebook. La sua detenzione \u00e8 stata prolungata fino al 13 settembre 2018, in quanto i pubblici ministeri dell&#8217;occupazione israeliana sostengono che\u00a0la donna abbia pubblicato, per 40 volte, post politici sui social media.<\/p>\n<p>La donna \u00e8 stata sequestrata da casa il 5 agosto dalle forze di occupazione israeliane, che hanno invaso la sua abitazione e confiscato telefoni cellulari ed altri dispositivi elettronici. Suo figlio Mohammed \u00e8 stato ucciso dalle forze di occupazione mentre, a Gerusalemme, si era unito alle proteste contro l&#8217;imposizione di cancelli elettronici al di fuori della moschea di Aqsa.<\/p>\n<p><!--more--><\/p>\n<p>Dopo averlo ucciso, le forze di occupazione israeliane hanno tentato di rubare il corpo di Mohammed Abu Ghannam dall&#8217;ospedale Makassed di Gerusalemme. L&#8217;occupazione israeliana, come politica generale, prevede di tenere in ostaggio i cadaveri dei palestinesi uccisi nel tentativo di sopprimere la resistenza palestinese; mentre le famiglie palestinesi lottano per il rilascio dei corpi, l\u2019Alta Corte israeliana ha confermato la politica delle forze di occupazione di tenerli in ostaggio.<\/p>\n<p>Per impedire alle forze di occupazione di impadronirsi del corpo, la sua famiglia e gli amici hanno avvolto il cadavere di Mohammed in un lenzuolo, lo hanno sollevato e fatto passare sopra il muro di cinta dell&#8217;ospedale, alto diversi metri.\u00a0 Da l\u00ec \u00e8 stato portato al cimitero del villaggio di al-Tur; sulla strada, la macchina \u00e8 stata fermata dalla polizia. Mentre le forze di occupazione tentavano di imporre un limite di sole sette persone presenti alla sepoltura, centinaia si sono unite alla processione funebre.<\/p>\n<p>Hanno agito appena in tempo. Nel frattempo dozzine di membri della polizia di frontiera si sono riversati, armati, nell&#8217;ospedale, invadendo la zona, costringendo la gente che stava donando il sangue a lasciare l&#8217;ospedale e terrorizzando la folla nei cortili, lanciando loro bombe sonore e lacrimogeni.<\/p>\n<p>La politica della confisca dei corpi \u00e8, secondo Gideon Levy, il frutto dell&#8217;ingegno di Gilad Erdan, lo stesso ministro israeliano incaricato del mandato globale anti-BDS e creatore della &#8220;lista nera del BDS\u201d, che elenca le organizzazioni internazionali a sostegno della Palestina, incluso Samidoun e molte altre in tutto il mondo.<\/p>\n<p>L&#8217;arresto di Susan Abu Ghannam \u00e8 solo l&#8217;ultimo episodio delle molestie israeliane contro la famiglia del defunto; un esempio precedente \u00e8 quello di suo marito, il padre di Mohammed, Hassan Abu Ghannam, 47 anni, arrestato pochi giorni dopo il funerale di Mohammed.<\/p>\n","protected":false},"excerpt":{"rendered":"<p>13 agosto 2018 | http:\/\/samidoun.net\/2018\/08\/mother-of-palestinian-youth-killed-by-israeli-forces-accused-of-incitement-for-posting-on-facebook\/ Susan Abu Ghannam, madre di Mohammed Abu Ghannam, il giovane palestinese ucciso dalle forze di occupazione israeliane poco pi\u00f9 di un anno fa, il 21 luglio 2017, \u00e8 stata incriminata dalla corte israeliana a Gerusalemme &hellip; <a href=\"https:\/\/reteitalianaism.it\/reteism\/index.php\/2018\/08\/14\/la-madre-di-un-giovane-palestinese-ucciso-dalle-forze-israeliane-e-accusata-di-istigazione-per-i-suoi-post-su-facebook\/\">Continue reading <span class=\"meta-nav\">&rarr;<\/span><\/a><\/p>\n","protected":false},"author":6,"featured_media":0,"comment_status":"open","ping_status":"open","sticky":false,"template":"","format":"standard","meta":{"footnotes":""},"categories":[3,67],"tags":[],"class_list":["post-9753","post","type-post","status-publish","format-standard","hentry","category-info","category-prigionieri"],"_links":{"self":[{"href":"https:\/\/reteitalianaism.it\/reteism\/index.php\/wp-json\/wp\/v2\/posts\/9753","targetHints":{"allow":["GET"]}}],"collection":[{"href":"https:\/\/reteitalianaism.it\/reteism\/index.php\/wp-json\/wp\/v2\/posts"}],"about":[{"href":"https:\/\/reteitalianaism.it\/reteism\/index.php\/wp-json\/wp\/v2\/types\/post"}],"author":[{"embeddable":true,"href":"https:\/\/reteitalianaism.it\/reteism\/index.php\/wp-json\/wp\/v2\/users\/6"}],"replies":[{"embeddable":true,"href":"https:\/\/reteitalianaism.it\/reteism\/index.php\/wp-json\/wp\/v2\/comments?post=9753"}],"version-history":[{"count":6,"href":"https:\/\/reteitalianaism.it\/reteism\/index.php\/wp-json\/wp\/v2\/posts\/9753\/revisions"}],"predecessor-version":[{"id":9760,"href":"https:\/\/reteitalianaism.it\/reteism\/index.php\/wp-json\/wp\/v2\/posts\/9753\/revisions\/9760"}],"wp:attachment":[{"href":"https:\/\/reteitalianaism.it\/reteism\/index.php\/wp-json\/wp\/v2\/media?parent=9753"}],"wp:term":[{"taxonomy":"category","embeddable":true,"href":"https:\/\/reteitalianaism.it\/reteism\/index.php\/wp-json\/wp\/v2\/categories?post=9753"},{"taxonomy":"post_tag","embeddable":true,"href":"https:\/\/reteitalianaism.it\/reteism\/index.php\/wp-json\/wp\/v2\/tags?post=9753"}],"curies":[{"name":"wp","href":"https:\/\/api.w.org\/{rel}","templated":true}]}}